{"id":6459,"date":"2024-03-27T20:55:34","date_gmt":"2024-03-27T19:55:34","guid":{"rendered":"https:\/\/pasaenmendoza.com\/?p=6459"},"modified":"2024-03-27T20:55:36","modified_gmt":"2024-03-27T19:55:36","slug":"diputados-trata-la-suspension-de-janina-ortiz-una-parte-del-pj-votara-a-favor","status":"publish","type":"post","link":"https:\/\/pasaenmendoza.com\/?p=6459","title":{"rendered":"Diputados trata la suspensi\u00f3n de Janina Ortiz: una parte del PJ votar\u00e1 a favor"},"content":{"rendered":"\n<p>Tras una demora de cuatro horas, comenz\u00f3 la sesi\u00f3n de la C\u00e1mara de Diputados que definir\u00e1 la suspensi\u00f3n de la legisladora de La Uni\u00f3n Mendocina, Janina Ortiz.<\/p>\n\n\n\n<p>Luego de cuatro horas de demora, arranc\u00f3\u00a0la sesi\u00f3n de la C\u00e1mara de\u00a0<strong>Diputados\u00a0<\/strong>que definir\u00e1 la suspensi\u00f3n de la legisladora de La Uni\u00f3n Mendocina,\u00a0Janina Ortiz. La iniciativa es impulsada por el oficialismo y todo apunta a que aprobar\u00e1 con una amplia mayor\u00eda y el respaldo de una parte de la oposici\u00f3n.<\/p>\n\n\n\n<p>El pedido de suspensi\u00f3n contra Ortiz es por &#8220;indignidad&#8221;, en los t\u00e9rminos del art\u00edculo 91 de la Constituci\u00f3n de Mendoza. Sus pares la acusan de no allanarse a la Justicia en el marco de las dos investigaciones judiciales en su contra por los delitos de fraude a la administraci\u00f3n p\u00fablica y coacciones agravadas.<\/p>\n\n\n\n<p>Para que avance su suspensi\u00f3n son necesarios los votos a favor de dos tercios de los\u00a0<strong>diputados\u00a0<\/strong>presentes, por lo que el bloque oficialista de Cambia Mendoza, que impuls\u00f3 la iniciativa, requer\u00eda del acompa\u00f1amiento de legisladores opositores.<\/p>\n\n\n\n<p>La postura del PJ fue lo que demor\u00f3 el inicio de la sesi\u00f3n de este mi\u00e9rcoles. Los integrantes de esta bancada deliberaron durante horas para definir una postura y determinaron dar libertad de acci\u00f3n a sus diputados.<\/p>\n\n\n\n<p>En base a esta decisi\u00f3n los diputados Germ\u00e1n G\u00f3mez, Nilda Escudero, Gustavo Perret, Ver\u00f3nica Valverde y Juan Pablo Gulino votar\u00e1n a favor de la suspensi\u00f3n de Ortiz, seg\u00fan confiaron miembros de la bancada.<\/p>\n\n\n\n<p>FUENTE: MDZonline.<\/p>\n","protected":false},"excerpt":{"rendered":"<p>Tras una demora de cuatro horas, comenz\u00f3 la sesi\u00f3n de la C\u00e1mara de Diputados que definir\u00e1 la suspensi\u00f3n de la legisladora de La Uni\u00f3n Mendocina, Janina Ortiz. Luego de cuatro horas de demora, arranc\u00f3\u00a0la sesi\u00f3n de la C\u00e1mara de\u00a0Diputados\u00a0que definir\u00e1 la suspensi\u00f3n de la legisladora de La Uni\u00f3n Mendocina,\u00a0Janina Ortiz. La iniciativa es impulsada por [&hellip;]<\/p>\n","protected":false},"author":2,"featured_media":6460,"comment_status":"open","ping_status":"open","sticky":true,"template":"","format":"standard","meta":[],"categories":[47],"tags":[],"_links":{"self":[{"href":"https:\/\/pasaenmendoza.com\/index.php?rest_route=\/wp\/v2\/posts\/6459"}],"collection":[{"href":"https:\/\/pasaenmendoza.com\/index.php?rest_route=\/wp\/v2\/posts"}],"about":[{"href":"https:\/\/pasaenmendoza.com\/index.php?rest_route=\/wp\/v2\/types\/post"}],"author":[{"embeddable":true,"href":"https:\/\/pasaenmendoza.com\/index.php?rest_route=\/wp\/v2\/users\/2"}],"replies":[{"embeddable":true,"href":"https:\/\/pasaenmendoza.com\/index.php?rest_route=%2Fwp%2Fv2%2Fcomments&post=6459"}],"version-history":[{"count":1,"href":"https:\/\/pasaenmendoza.com\/index.php?rest_route=\/wp\/v2\/posts\/6459\/revisions"}],"predecessor-version":[{"id":6461,"href":"https:\/\/pasaenmendoza.com\/index.php?rest_route=\/wp\/v2\/posts\/6459\/revisions\/6461"}],"wp:featuredmedia":[{"embeddable":true,"href":"https:\/\/pasaenmendoza.com\/index.php?rest_route=\/wp\/v2\/media\/6460"}],"wp:attachment":[{"href":"https:\/\/pasaenmendoza.com\/index.php?rest_route=%2Fwp%2Fv2%2Fmedia&parent=6459"}],"wp:term":[{"taxonomy":"category","embeddable":true,"href":"https:\/\/pasaenmendoza.com\/index.php?rest_route=%2Fwp%2Fv2%2Fcategories&post=6459"},{"taxonomy":"post_tag","embeddable":true,"href":"https:\/\/pasaenmendoza.com\/index.php?rest_route=%2Fwp%2Fv2%2Ftags&post=6459"}],"curies":[{"name":"wp","href":"https:\/\/api.w.org\/{rel}","templated":true}]}}