{"id":6462,"date":"2024-03-27T21:00:07","date_gmt":"2024-03-27T20:00:07","guid":{"rendered":"https:\/\/pasaenmendoza.com\/?p=6462"},"modified":"2024-03-27T21:00:09","modified_gmt":"2024-03-27T20:00:09","slug":"alfredo-cornejo-cuestiono-el-viaje-de-las-autoridades-del-casino-estuvo-mal","status":"publish","type":"post","link":"https:\/\/pasaenmendoza.com\/?p=6462","title":{"rendered":"Alfredo Cornejo cuestion\u00f3 el viaje de las autoridades del Casino: \u201cEstuvo mal\u201d"},"content":{"rendered":"\n<p>Si bien critic\u00f3 el accionar de las autoridades del organismo, el gobernador aclar\u00f3 que no se trat\u00f3 de un hecho ilegal. Tambi\u00e9n se refiri\u00f3 al aumento del boleto del colectivo y advirti\u00f3 que \u201cser\u00e1 el m\u00e1s bajo del pa\u00eds\u201d.<\/p>\n\n\n\n<p>El gobernador\u00a0<strong>Alfredo Cornejo<\/strong>\u00a0critic\u00f3\u00a0el viaje que cinco autoridades del<strong>\u00a0Instituto de Juegos y Casinos de Mendoza (IPJyC)\u00a0<\/strong>realizaron la semana pasada a una feria internacional de juegos que se realiz\u00f3 en<strong>\u00a0Puerto Madero<\/strong>, Buenos Aires.<\/p>\n\n\n\n<p><em>\u201cEstuvo mal, no porque sea ilegal ni mucho menos\u201d<\/em>, opin\u00f3 el mandatario este mi\u00e9rcoles, tras encabezar un acto oficial.<\/p>\n\n\n\n<p>La oposici\u00f3n cuestion\u00f3 la misi\u00f3n encabezada por&nbsp;<strong>Ida L\u00f3pez<\/strong>, presidenta del IPJyC, que completaron otros cuatro funcionarios del organismo:&nbsp;<strong>Adri\u00e1n Acevedo<\/strong>, gerente general;&nbsp;<strong>Josefina Canale<\/strong>, miembro del directorio;&nbsp;<strong>Pablo Cairo<\/strong>, asesor de la Gerencia General; y&nbsp;<strong>Emilia Corral<\/strong>, secretaria Legal y T\u00e9cnica.<\/p>\n\n\n\n<p>El destino fue la 32\u00b0 edici\u00f3n de la feria South American Gaming Suppliers Expo (Sagse), que se llev\u00f3 adelante en el hotel Hilton de Puerto Madero entre el mi\u00e9rcoles 20 y jueves 21 de marzo.<\/p>\n\n\n\n<p>El viaje, que tambi\u00e9n molest\u00f3 en el oficialismo, le cost\u00f3 a las arcas provinciales cuatro millones de pesos entre pasajes, estad\u00eda y comida.<em>&nbsp;\u201cNo estuvo nada bien\u201d<\/em>, repiti\u00f3 Cornejo, quien de todas maneras&nbsp;<strong>no anticip\u00f3 si habr\u00e1 cambios en la c\u00fapula del IPJyC.<\/strong><\/p>\n\n\n\n<h2 class=\"wp-block-heading\" id=\"h-que-pasara-con-el-boleto\">Qu\u00e9 pasar\u00e1 con el boleto<\/h2>\n\n\n\n<p>Por otra parte, el mandatario hizo referencia al aumento del boleto de colectivo urbano en el Gran Mendoza. \u201c<em>El costo por pasajero debiera oscilar entre $1.700 y $1.800. Todo lo que no pague el pasajero, lo va a afrontar el Gobierno\u201d<\/em>, explic\u00f3.<\/p>\n\n\n\n<p>Sus declaraciones suceden\u00a0el mismo d\u00eda en que se desarroll\u00f3 la audiencia p\u00fablica\u00a0para debatir esta tem\u00e1tica y donde, tanto el\u00a0Ente de Movilidad Provincial (EMOP)\u00a0como las empresas concesionarias agrupadas en la\u00a0Asociaci\u00f3n Unida Transporte Automotor Mendoza (Autam)\u00a0presentaron sus informes t\u00e9cnicos con los valores actualizados del servicio, golpeado por el aumento de costos y la eliminaci\u00f3n de subsidios provinciales.<\/p>\n\n\n\n<p>Al respecto, Cornejo reconoci\u00f3 que la administraci\u00f3n provincial realiz\u00f3 estudios preliminares y que le llevar\u00e1&nbsp;<em>\u201cun mes definirlo\u201d.<\/em><\/p>\n\n\n\n<p>Actualmente, la tarifa plana del boleto es de&nbsp;<strong>$200<\/strong>, aunque casi la mitad de los pasajeros no paga ese valor porque tiene alg\u00fan tipo de beneficio o gratuidad.&nbsp;<\/p>\n\n\n\n<p><em>\u201cHay un costo que ha aumentado\u201d<\/em>, evalu\u00f3 Cornejo y garantiz\u00f3 que Mendoza va a tratar de&nbsp;<em>\u201ctener una cifra menor, va a ser el (boleto) m\u00e1s bajo del pa\u00eds\u201d.<\/em><\/p>\n\n\n\n<p><em>\u201cNo queremos quitar gratuidades ni cortar frecuencias\u201d<\/em>, expuso el gobernador en el marco del reconocimiento \u201cTree cities of the world 2023\u201d (\u201cCiudades arboladas del mundo 2023\u201d), otorgado a la provincia de Mendoza por la FAO, perteneciente a Naciones Unidas y por la Arbor Day Foundation en el Parque C\u00edvico.<\/p>\n\n\n\n<p><em>\u201cEstamos estudiando mucho porque no queremos afectar el sistema, pero tenemos muy colapsados las horas pico, vinculadas con el colegio y el comercio y disminuye la cantidad en las horas pico. Estamos buscando la f\u00f3rmula para ser m\u00e1s eficientes, pero que no baje la cantidad de gente que viaja\u201d<\/em>, concluy\u00f3.<\/p>\n\n\n\n<p>FUENTE: Elsol.com.ar <\/p>\n\n\n\n<p><\/p>\n\n\n\n<p><\/p>\n\n\n\n<p><\/p>\n\n\n\n<p>.<\/p>\n","protected":false},"excerpt":{"rendered":"<p>Si bien critic\u00f3 el accionar de las autoridades del organismo, el gobernador aclar\u00f3 que no se trat\u00f3 de un hecho ilegal. Tambi\u00e9n se refiri\u00f3 al aumento del boleto del colectivo y advirti\u00f3 que \u201cser\u00e1 el m\u00e1s bajo del pa\u00eds\u201d. El gobernador\u00a0Alfredo Cornejo\u00a0critic\u00f3\u00a0el viaje que cinco autoridades del\u00a0Instituto de Juegos y Casinos de Mendoza (IPJyC)\u00a0realizaron la [&hellip;]<\/p>\n","protected":false},"author":2,"featured_media":6463,"comment_status":"open","ping_status":"open","sticky":true,"template":"","format":"standard","meta":[],"categories":[47],"tags":[],"_links":{"self":[{"href":"https:\/\/pasaenmendoza.com\/index.php?rest_route=\/wp\/v2\/posts\/6462"}],"collection":[{"href":"https:\/\/pasaenmendoza.com\/index.php?rest_route=\/wp\/v2\/posts"}],"about":[{"href":"https:\/\/pasaenmendoza.com\/index.php?rest_route=\/wp\/v2\/types\/post"}],"author":[{"embeddable":true,"href":"https:\/\/pasaenmendoza.com\/index.php?rest_route=\/wp\/v2\/users\/2"}],"replies":[{"embeddable":true,"href":"https:\/\/pasaenmendoza.com\/index.php?rest_route=%2Fwp%2Fv2%2Fcomments&post=6462"}],"version-history":[{"count":1,"href":"https:\/\/pasaenmendoza.com\/index.php?rest_route=\/wp\/v2\/posts\/6462\/revisions"}],"predecessor-version":[{"id":6464,"href":"https:\/\/pasaenmendoza.com\/index.php?rest_route=\/wp\/v2\/posts\/6462\/revisions\/6464"}],"wp:featuredmedia":[{"embeddable":true,"href":"https:\/\/pasaenmendoza.com\/index.php?rest_route=\/wp\/v2\/media\/6463"}],"wp:attachment":[{"href":"https:\/\/pasaenmendoza.com\/index.php?rest_route=%2Fwp%2Fv2%2Fmedia&parent=6462"}],"wp:term":[{"taxonomy":"category","embeddable":true,"href":"https:\/\/pasaenmendoza.com\/index.php?rest_route=%2Fwp%2Fv2%2Fcategories&post=6462"},{"taxonomy":"post_tag","embeddable":true,"href":"https:\/\/pasaenmendoza.com\/index.php?rest_route=%2Fwp%2Fv2%2Ftags&post=6462"}],"curies":[{"name":"wp","href":"https:\/\/api.w.org\/{rel}","templated":true}]}}