{"id":6465,"date":"2024-03-27T21:04:35","date_gmt":"2024-03-27T20:04:35","guid":{"rendered":"https:\/\/pasaenmendoza.com\/?p=6465"},"modified":"2024-03-27T21:04:37","modified_gmt":"2024-03-27T20:04:37","slug":"al-final-la-union-mendocina-salio-a-defender-a-janina-ortiz-es-inocente","status":"publish","type":"post","link":"https:\/\/pasaenmendoza.com\/?p=6465","title":{"rendered":"Al final, La Uni\u00f3n Mendocina sali\u00f3 a defender a Janina Ortiz: &#8220;Es inocente&#8221;"},"content":{"rendered":"\n<p><strong>&#8220;Es inocente&#8221;<\/strong>, dijo la diputada<strong>\u00a0Laura Balsells Mir\u00f3\u00a0<\/strong>sobre\u00a0<strong>Janina Ortiz<\/strong>\u00a0este mi\u00e9rcoles, minutos antes del inicio de la sesi\u00f3n en la que se votar\u00e1 el pedido de suspensi\u00f3n contra la esposa de Daniel Orozco y actual legisladora de La Uni\u00f3n Mendocina.<\/p>\n\n\n\n<p>En realidad, Balsells Mir\u00f3 fue la vocera de&nbsp;<strong>todos los legisladores de La Uni\u00f3n Mendocina que sobre la hora salieron a defender p\u00fablicamente a Ortiz<\/strong>, luego de guardar silencio durante meses y de manifestar posturas contradictorias.<\/p>\n\n\n\n<p>En este contexto, semanas atr\u00e1s,\u00a0<strong>Balsells Mir\u00f3 firm\u00f3 el pedido de informes a las fiscal\u00edas que investigan a Ortiz<\/strong>, cuando la comisi\u00f3n LAC se hart\u00f3 de las maniobras elusivas de la diputada, quien no concurr\u00eda a las distintas citaciones del Ministerio P\u00fablico Fiscal.<\/p>\n\n\n\n<p>Los distintos legisladores de La Uni\u00f3n Mendocina, de repente,\u00a0<strong>salieron a replicar el repetitivo discurso de Omar De Marchi<\/strong>, l\u00edder del espacio y posiblemente el ide\u00f3logo de este cambio de postura de LAUM (public\u00f3 un hilo en &#8220;X&#8221; al respecto), afirmando que Janina Ortiz es v\u00edctima de una persecuci\u00f3n pol\u00edtica liderada por\u00a0Alfredo Cornejo\u00a0y que el Gobierno quiere usarla para &#8220;adoctrinar&#8221; al resto.<\/p>\n\n\n\n<p>Por su parte,\u00a0<strong>Ariel Pringles,\u00a0 uno de los peronistas de La Uni\u00f3n Mendocina<\/strong>, dijo que habr\u00eda que\u00a0<strong>cambiar la ley para que nadie que est\u00e9 acusado en la Justicia pueda asumir un cargo<\/strong>. Del otro lado, responden que el caso de Ortiz es especial, porque lo que se le recrimina es que no se ajust\u00f3 a derecho desde el momento que fue desaforada.<\/p>\n\n\n\n<p>A su turno, otra peronista, en este caso vinculada a Alberto Rodr\u00edguez Sa\u00e1, la legisladora Flavia Manoni, sugiri\u00f3 que a Ortiz la persiguien por ser mujer y que &#8220;nosotras que defendemos el tema de prevenci\u00f3n de violencia de g\u00e9nero, estamos viendo que hay una caser\u00eda de brujas contra una persona. Todas estamos en riesgo&#8221;. Dato: una de las causas judiciales contra Janina Ortiz es porque presuntamente oblig\u00f3 a una mujer, empleada de Las Heras, a tener sexo con un funcionario. Y, adem\u00e1s, se la investiga por presunto encubrimiento de una violaci\u00f3n en una dependencia municipal.<\/p>\n\n\n\n<p>FUENTE: Mendozapost.<\/p>\n","protected":false},"excerpt":{"rendered":"<p>&#8220;Es inocente&#8221;, dijo la diputada\u00a0Laura Balsells Mir\u00f3\u00a0sobre\u00a0Janina Ortiz\u00a0este mi\u00e9rcoles, minutos antes del inicio de la sesi\u00f3n en la que se votar\u00e1 el pedido de suspensi\u00f3n contra la esposa de Daniel Orozco y actual legisladora de La Uni\u00f3n Mendocina. En realidad, Balsells Mir\u00f3 fue la vocera de&nbsp;todos los legisladores de La Uni\u00f3n Mendocina que sobre la [&hellip;]<\/p>\n","protected":false},"author":2,"featured_media":6466,"comment_status":"open","ping_status":"open","sticky":true,"template":"","format":"standard","meta":[],"categories":[47],"tags":[],"_links":{"self":[{"href":"https:\/\/pasaenmendoza.com\/index.php?rest_route=\/wp\/v2\/posts\/6465"}],"collection":[{"href":"https:\/\/pasaenmendoza.com\/index.php?rest_route=\/wp\/v2\/posts"}],"about":[{"href":"https:\/\/pasaenmendoza.com\/index.php?rest_route=\/wp\/v2\/types\/post"}],"author":[{"embeddable":true,"href":"https:\/\/pasaenmendoza.com\/index.php?rest_route=\/wp\/v2\/users\/2"}],"replies":[{"embeddable":true,"href":"https:\/\/pasaenmendoza.com\/index.php?rest_route=%2Fwp%2Fv2%2Fcomments&post=6465"}],"version-history":[{"count":1,"href":"https:\/\/pasaenmendoza.com\/index.php?rest_route=\/wp\/v2\/posts\/6465\/revisions"}],"predecessor-version":[{"id":6467,"href":"https:\/\/pasaenmendoza.com\/index.php?rest_route=\/wp\/v2\/posts\/6465\/revisions\/6467"}],"wp:featuredmedia":[{"embeddable":true,"href":"https:\/\/pasaenmendoza.com\/index.php?rest_route=\/wp\/v2\/media\/6466"}],"wp:attachment":[{"href":"https:\/\/pasaenmendoza.com\/index.php?rest_route=%2Fwp%2Fv2%2Fmedia&parent=6465"}],"wp:term":[{"taxonomy":"category","embeddable":true,"href":"https:\/\/pasaenmendoza.com\/index.php?rest_route=%2Fwp%2Fv2%2Fcategories&post=6465"},{"taxonomy":"post_tag","embeddable":true,"href":"https:\/\/pasaenmendoza.com\/index.php?rest_route=%2Fwp%2Fv2%2Ftags&post=6465"}],"curies":[{"name":"wp","href":"https:\/\/api.w.org\/{rel}","templated":true}]}}