{"id":6468,"date":"2024-03-27T21:15:10","date_gmt":"2024-03-27T20:15:10","guid":{"rendered":"https:\/\/pasaenmendoza.com\/?p=6468"},"modified":"2024-03-27T21:15:12","modified_gmt":"2024-03-27T20:15:12","slug":"ulpiano-suarez-quiere-terminar-con-las-reelecciones-indefinidas-de-los-concejales","status":"publish","type":"post","link":"https:\/\/pasaenmendoza.com\/?p=6468","title":{"rendered":"Ulpiano Suarez quiere terminar con las reelecciones indefinidas de los concejales"},"content":{"rendered":"\n<p>El intendente citadino inaugur\u00f3 las sesiones del Concejo Deliberante y les anunci\u00f3 a los ediles que limitar\u00e1 con las reelecciones indefinidas con una ordenanza<\/p>\n\n\n\n<p>El intendente de Ciudad,\u00a0<strong>Ulpiano Suarez\u00a0arranc\u00f3 el periodo de sesiones del Concejo Deliberante con un fuerte mensaje pol\u00edtico a los ediles: les va a impedir que se reelijan indefinidamente<\/strong>. De paso, por si fuese necesario, marc\u00f3 p\u00fablicamente su fuerte respaldo a la gesti\u00f3n del presidente Javier Milei.<\/p>\n\n\n\n<p>Como suele suceder en los actos de apertura de las sesiones ordinarias del Honorable Concejo Deliberante, Suarez se dedic\u00f3 a hacer un balance de lo que fue su primera gesti\u00f3n y plante\u00f3 como metas ejes para este 2024 avanzar con las reformas de la Playa San Agust\u00edn, sostener su plan de Seguridad Urbana y adelant\u00f3 que&nbsp;<strong>con una ordenanza terminar\u00e1 con la reelecci\u00f3n indefinida de concejales.<\/strong><\/p>\n\n\n\n<p>\u201cEn virtud de las potestades constitucionales,&nbsp;<strong>he tomado esta determinaci\u00f3n tambi\u00e9n como un mensaje de renovaci\u00f3n de la pol\u00edtica hacia todos nuestros vecinos<\/strong>\u201d, argument\u00f3 Ulpiano Suarez, para sostener la ordenanza que delinea.<\/p>\n\n\n\n<p>El proyecto que ya tiene escrito marca que todo concejal podr\u00e1 tener s\u00f3lo una reelecci\u00f3n seguida y que luego de eso deber\u00e1 esperar 4 a\u00f1os si pretende volver a ocupar una banca en ese Concejo Deliberante citadino. &#8220;La reelecci\u00f3n lesiona gravemente la periodicidad al no asegurarse la posibilidad de una efectiva alternancia en el poder y se socaba la igualdad ante la ley privilegiando a quien detenta el poder por sobre los dem\u00e1s que pretenden acceder&#8221;, ampl\u00eda la ordenanza.<\/p>\n\n\n\n<p>Y tambi\u00e9n le dedic\u00f3 un tiempo en su discurso a ese sector pol\u00edtico que cada vez que \u00e9l se rebela o plantea diferencias con la gesti\u00f3n provincial agita la idea de que lo hace porque est\u00e1 gestando una futura candidatura.<\/p>\n\n\n\n<p>\u201cA aquellos que\u00a0<strong>especulan pol\u00edticamente, que dedican su tiempo a operaciones medi\u00e1ticas,<\/strong>\u00a0que por sus propios intereses quieren confundir a los mendocinos,\u00a0<strong>hablando de candidaturas, quiero decirles que aqu\u00ed hay un intendente que, al igual que lo hizo en los primeros cuatro a\u00f1os, trabaja las 24 horas, los 7 d\u00edas de la semana<\/strong>\u00a0para resolver los problemas de sus vecinos, para construir una ciudad m\u00e1s segura, m\u00e1s pujante y m\u00e1s orgullosa de su historia\u201d, remarc\u00f3.<\/p>\n\n\n\n<h2 class=\"wp-block-heading\">&#8220;Javier Milei cuente con nosotros&#8221;<\/h2>\n\n\n\n<p>A pocos d\u00edas de haberse reunido con el ministro del Interior, Guillermo Francos, para impulsar algunas obras y reclamar fondos nacionales, Ulpiano Suarez tambi\u00e9n dedic\u00f3 parte de su discurso a dejar bien claro su respaldo a la gesti\u00f3n de Javier Milei.<\/p>\n\n\n\n<p>\u201cPara construir ese pa\u00eds que anhelamos, le decimos al presidente&nbsp;<strong>Javier Milei<\/strong>, desde aqu\u00ed, desde la tierra que acun\u00f3 la gesta libertadora, que&nbsp;<strong>cuente con nosotros, que tenemos mucho para aportar y contribuir,<\/strong>&nbsp;sin mezquindades ni especulaciones, sino con una fuerte vocaci\u00f3n de construir un futuro mejor para todos los argentinos\u201d, sostuvo.<\/p>\n\n\n\n<h2 class=\"wp-block-heading\">&#8220;En seguridad no miramos para otro lado&#8221;<\/h2>\n\n\n\n<p>En la inauguraci\u00f3n del periodo legislativo, Ulpiano Suarez cont\u00f3 con el acompa\u00f1amiento de una gran parte del arco pol\u00edtico del Gobierno provincial y de su partido.<\/p>\n\n\n\n<p>Entre los presentes\u00a0<strong>estuvo la ministra de Seguridad, Mercedes Rus<\/strong>, el Comisario general de la Ciudad, Oscar Ag\u00fcero y el Comisario inspector de la Ciudad, Mario Rilli. Ante todos ellos el intendente volvi\u00f3 a insistir con su\u00a0<strong>compromiso con la seguridad urbana.<\/strong><\/p>\n\n\n\n<p>&#8220;Lo hemos dicho y lo reiteramos:&nbsp;<strong>desde la Ciudad nos involucramos porque no miramos para otro lado<\/strong>\u201d, marc\u00f3 y record\u00f3 que en esa \u00e1rea invierte el 16% del presupuesto municipal, para contar con un mayor n\u00famero de efectivos, veh\u00edculos y c\u00e1maras de vigilancia; as\u00ed como el crecimiento de usuarios en programas como Ojos en Alerta y el aumento de alarmas operativas.<\/p>\n\n\n\n<p>Tambi\u00e9n anunci\u00f3 la implementaci\u00f3n de un sistema de Anillo Digital de Seguridad, como una medida estrat\u00e9gica para mejorar la vigilancia en los l\u00edmites de la Ciudad, con colaboraci\u00f3n interinstitucional y un enfoque en la prevenci\u00f3n proactiva del delito.<\/p>\n\n\n\n<p>FUENTE: Diariouno.com.ar <\/p>\n","protected":false},"excerpt":{"rendered":"<p>El intendente citadino inaugur\u00f3 las sesiones del Concejo Deliberante y les anunci\u00f3 a los ediles que limitar\u00e1 con las reelecciones indefinidas con una ordenanza El intendente de Ciudad,\u00a0Ulpiano Suarez\u00a0arranc\u00f3 el periodo de sesiones del Concejo Deliberante con un fuerte mensaje pol\u00edtico a los ediles: les va a impedir que se reelijan indefinidamente. De paso, por [&hellip;]<\/p>\n","protected":false},"author":2,"featured_media":6469,"comment_status":"open","ping_status":"open","sticky":true,"template":"","format":"standard","meta":[],"categories":[47],"tags":[],"_links":{"self":[{"href":"https:\/\/pasaenmendoza.com\/index.php?rest_route=\/wp\/v2\/posts\/6468"}],"collection":[{"href":"https:\/\/pasaenmendoza.com\/index.php?rest_route=\/wp\/v2\/posts"}],"about":[{"href":"https:\/\/pasaenmendoza.com\/index.php?rest_route=\/wp\/v2\/types\/post"}],"author":[{"embeddable":true,"href":"https:\/\/pasaenmendoza.com\/index.php?rest_route=\/wp\/v2\/users\/2"}],"replies":[{"embeddable":true,"href":"https:\/\/pasaenmendoza.com\/index.php?rest_route=%2Fwp%2Fv2%2Fcomments&post=6468"}],"version-history":[{"count":1,"href":"https:\/\/pasaenmendoza.com\/index.php?rest_route=\/wp\/v2\/posts\/6468\/revisions"}],"predecessor-version":[{"id":6470,"href":"https:\/\/pasaenmendoza.com\/index.php?rest_route=\/wp\/v2\/posts\/6468\/revisions\/6470"}],"wp:featuredmedia":[{"embeddable":true,"href":"https:\/\/pasaenmendoza.com\/index.php?rest_route=\/wp\/v2\/media\/6469"}],"wp:attachment":[{"href":"https:\/\/pasaenmendoza.com\/index.php?rest_route=%2Fwp%2Fv2%2Fmedia&parent=6468"}],"wp:term":[{"taxonomy":"category","embeddable":true,"href":"https:\/\/pasaenmendoza.com\/index.php?rest_route=%2Fwp%2Fv2%2Fcategories&post=6468"},{"taxonomy":"post_tag","embeddable":true,"href":"https:\/\/pasaenmendoza.com\/index.php?rest_route=%2Fwp%2Fv2%2Ftags&post=6468"}],"curies":[{"name":"wp","href":"https:\/\/api.w.org\/{rel}","templated":true}]}}