{"id":647,"date":"2023-08-11T15:26:51","date_gmt":"2023-08-11T13:26:51","guid":{"rendered":"https:\/\/pasaenmendoza.com\/?p=647"},"modified":"2023-08-11T15:26:51","modified_gmt":"2023-08-11T13:26:51","slug":"pronostico-en-mendoza-viernes-ventoso-y-con-descenso-de-la-temperatura","status":"publish","type":"post","link":"https:\/\/pasaenmendoza.com\/?p=647","title":{"rendered":"Pron\u00f3stico en Mendoza: viernes ventoso y con descenso de la temperatura"},"content":{"rendered":"\n<p>El\u00a0<strong>viernes<\/strong>\u00a0arranca ventoso, algo nublado y con descenso de la temperatura por el ingreso de un frente fr\u00edo.\u00a0<mark>La m\u00ednima prevista ser\u00e1 de 7 grados y la m\u00e1xima llegar\u00eda a los 15.<\/mark><\/p>\n\n\n\n<p>Para el\u00a0<strong>s\u00e1bado<\/strong>, la\u00a0<strong>Direcci\u00f3n de Contingencias Clim\u00e1ticas<\/strong>\u00a0anuncia las mismas condiciones que el viernes y un\u00a0<mark>leve descenso en los registros t\u00e9rmicos m\u00ednimos y m\u00e1ximos que ser\u00e1n 2 y 14 grados, respectivamente.<\/mark><\/p>\n\n\n\n<p>El\u00a0<strong>domingo<\/strong>, d\u00eda en que los argentinos volver\u00e1n a las urnas, amanecer\u00e1 muy fr\u00edo, con una\u00a0<mark>m\u00ednima de 1 grado<\/mark>, pero luego mejoran las condiciones meteorol\u00f3gicas.\u00a0<mark>La m\u00e1xima llegar\u00eda a los 22. Adem\u00e1s, se pronostican\u00a0<strong>heladas parciales.<\/strong><\/mark><\/p>\n\n\n\n<p><strong>La situaci\u00f3n en alta monta\u00f1a<\/strong><\/p>\n\n\n\n<p>El\u00a0<strong>Sistema Integrado Cristo Redentor<\/strong>\u00a0se encuentra\u00a0<mark>habilitado<\/mark>\u00a0para todo tipo de veh\u00edculo. El horario de transitabilidad es de 9 a 21.<\/p>\n\n\n\n<p>El\u00a0<strong>paso Pehuenche<\/strong>\u00a0est\u00e1\u00a0<mark>cerrado por tiempo indeterminado.<\/mark><\/p>\n\n\n\n<p><strong>Fuente: www.elsol.com.ar<\/strong><\/p>\n","protected":false},"excerpt":{"rendered":"<p>El\u00a0viernes\u00a0arranca ventoso, algo nublado y con descenso de la temperatura por el ingreso de un frente fr\u00edo.\u00a0La m\u00ednima prevista ser\u00e1 de 7 grados y la m\u00e1xima llegar\u00eda a los 15. Para el\u00a0s\u00e1bado, la\u00a0Direcci\u00f3n de Contingencias Clim\u00e1ticas\u00a0anuncia las mismas condiciones que el viernes y un\u00a0leve descenso en los registros t\u00e9rmicos m\u00ednimos y m\u00e1ximos que ser\u00e1n 2 [&hellip;]<\/p>\n","protected":false},"author":2,"featured_media":648,"comment_status":"open","ping_status":"open","sticky":false,"template":"","format":"standard","meta":[],"categories":[52],"tags":[],"_links":{"self":[{"href":"https:\/\/pasaenmendoza.com\/index.php?rest_route=\/wp\/v2\/posts\/647"}],"collection":[{"href":"https:\/\/pasaenmendoza.com\/index.php?rest_route=\/wp\/v2\/posts"}],"about":[{"href":"https:\/\/pasaenmendoza.com\/index.php?rest_route=\/wp\/v2\/types\/post"}],"author":[{"embeddable":true,"href":"https:\/\/pasaenmendoza.com\/index.php?rest_route=\/wp\/v2\/users\/2"}],"replies":[{"embeddable":true,"href":"https:\/\/pasaenmendoza.com\/index.php?rest_route=%2Fwp%2Fv2%2Fcomments&post=647"}],"version-history":[{"count":1,"href":"https:\/\/pasaenmendoza.com\/index.php?rest_route=\/wp\/v2\/posts\/647\/revisions"}],"predecessor-version":[{"id":649,"href":"https:\/\/pasaenmendoza.com\/index.php?rest_route=\/wp\/v2\/posts\/647\/revisions\/649"}],"wp:featuredmedia":[{"embeddable":true,"href":"https:\/\/pasaenmendoza.com\/index.php?rest_route=\/wp\/v2\/media\/648"}],"wp:attachment":[{"href":"https:\/\/pasaenmendoza.com\/index.php?rest_route=%2Fwp%2Fv2%2Fmedia&parent=647"}],"wp:term":[{"taxonomy":"category","embeddable":true,"href":"https:\/\/pasaenmendoza.com\/index.php?rest_route=%2Fwp%2Fv2%2Fcategories&post=647"},{"taxonomy":"post_tag","embeddable":true,"href":"https:\/\/pasaenmendoza.com\/index.php?rest_route=%2Fwp%2Fv2%2Ftags&post=647"}],"curies":[{"name":"wp","href":"https:\/\/api.w.org\/{rel}","templated":true}]}}