{"id":6471,"date":"2024-03-27T22:14:17","date_gmt":"2024-03-27T21:14:17","guid":{"rendered":"https:\/\/pasaenmendoza.com\/?p=6471"},"modified":"2024-03-27T22:14:19","modified_gmt":"2024-03-27T21:14:19","slug":"vendimia-para-todos-despues-de-la-coronacion-realizada-en-el-frank-romero-day-llega-una-super-fiesta","status":"publish","type":"post","link":"https:\/\/pasaenmendoza.com\/?p=6471","title":{"rendered":"Vendimia Para Todos: despu\u00e9s de la coronaci\u00f3n realizada en el Frank Romero Day, llega una super fiesta"},"content":{"rendered":"\n<p>Tras la coronaci\u00f3n hist\u00f3rica de los Reyes de la<strong>&nbsp;Vendimia para Todxs 2024<\/strong>, el domingo<strong>&nbsp;31 de marzo<\/strong>&nbsp;se vivir\u00e1 una gran fiesta de la 28\u00b0 edici\u00f3n de VTP. La fiesta se realizar\u00e1 por primera vez en la&nbsp;<strong>Disco Wabi, a partir de las 20 horas<\/strong>, en un evento especial, donde se combinar\u00e1 m\u00fasica y puesta en escena.<\/p>\n\n\n\n<p>La tradicional fiesta con<strong>\u00a0producci\u00f3n de Brotherhood a cargo de Gabriel y Fernando Canci<\/strong>, tendr\u00e1 una edici\u00f3n especial, con la presencia de los Reyes electos, Abigail Visedo la nueva Reina; Omar Arrigo, Rey y Diva Kaluba, Reina Drag Queen.<\/p>\n\n\n\n<p>Como siempre,&nbsp;<strong>el evento tendr\u00e1 caracter\u00edsticas internacionales y en esta ocasi\u00f3n el espect\u00e1culo central brillar\u00e1 al mejor estilo \u201cBurlesque\u201d<\/strong>, donde la energ\u00eda se combinar\u00e1 con el baile de los artistas y el sonido de las bandejas, a cargo de reconocidos DJ &#8216;S nacionales e internacionales.<\/p>\n\n\n\n<p>Esta edici\u00f3n participar\u00e1<strong>n Ianna, DJ y cantante que incorpora diferentes instrumentos en vivo; Tob\u00edas Gerard, con su propuesta de techengue &amp; latin house; Tomas Fortte, con un set Iconic Pop y Yahir Abrahan, con su propuesta de funk-afro-house<\/strong>.<\/p>\n\n\n\n<p>El espacio&nbsp;<strong>contar\u00e1 con 4 escenarios y 40 artistas&nbsp;<\/strong>donde a trav\u00e9s de la m\u00fasica m\u00e1s las performances se generar\u00e1n nuevas experiencias, que transportar\u00e1n nuestros sentidos.<\/p>\n\n\n\n<p>Es importante considerar que la\u00a0<strong>Vendimia Para Todxs<\/strong>\u00a0contribuye a uno de los m\u00e1ximos exponentes culturales de Argentina, ya que genera la convocatoria de p\u00fablico local como as\u00ed tambi\u00e9n la<strong>\u00a0cobertura de medios tanto nacionales como internacionales<\/strong>\u00a0(Brasil, Chile, EEUU y Europa).<\/p>\n\n\n\n<p><strong>Vendimia Para Todxs<\/strong>&nbsp;cuenta con la declaraci\u00f3n de<strong>&nbsp;Inter\u00e9s Tur\u00edstico y Cultural de Mendoza<\/strong>, como as\u00ed tambi\u00e9n con un reconocimiento nacional, ya que el Ministerio de Turismo de la Naci\u00f3n la reconoci\u00f3 con el premio mayor a la labor de<strong>&nbsp;inclusi\u00f3n social otorgado por laC\u00e1mara de Turismo LGBT+ de Argentina y el INPROTUR.<\/strong><\/p>\n\n\n\n<p>Adem\u00e1s es parte de la&nbsp;<strong>agenda vendimial&nbsp;<\/strong>de Mendoza, poniendo en&nbsp;<strong>valor la inclusi\u00f3n y d\u00e1ndole voz a las disidencias<\/strong>, en el evento cultural m\u00e1s destacado de la provincia.<\/p>\n\n\n\n<p>Las entradas anticipadas est\u00e1n a la venta en\u00a0Entradaweb.com.ar<\/p>\n\n\n\n<h2 class=\"wp-block-heading\">M\u00e1s detalles<\/h2>\n\n\n\n<p>\u201cTodos los a\u00f1os marcamos una diferencia, porque es un producto en constante evoluci\u00f3n, porque el mundo avanza y la fiesta tambi\u00e9n. Entonces no solo es una celebraci\u00f3n de la inclusi\u00f3n, se reversion\u00f3 en una fiesta al cien por cien. Esta edici\u00f3n no tendr\u00e1 conducci\u00f3n, conceptualizada al estilo de los shows en Las Vegas\u201d, comenta Gabriel Canci, uno de los productores del evento.<\/p>\n\n\n\n<p>Esta edici\u00f3n participar\u00e1n Ianna, DJ y cantante que incorpora diferentes instrumentos en vivo; Tob\u00edas Gerard, con su propuesta de techengue &amp; latin house; Tomas Fortte, con un set Iconic Pop y Yahir Abrahan, con su propuesta de funk-afro-house.<\/p>\n\n\n\n<p>El espacio contar\u00e1 con 4 escenarios y 40 artistas donde a trav\u00e9s de la m\u00fasica m\u00e1s las performances se generar\u00e1n nuevas experiencias, que transportar\u00e1n nuestros sentidos.<\/p>\n\n\n\n<p>\u201cCon el paso de cada Dj se ir\u00e1n sucediendo cada performance. Cada una hora habr\u00e1 un cuadro con distintos bailarines. Contamos con cuatro cuerpos de baile diferentes. Habr\u00e1 un cuadro de tango electr\u00f3nico, drag queen, el cuadro central bien pop y el malambo como parte de uno de los cuadros finales. Ser\u00e1 una fiesta con mucho glamour, pero tambi\u00e9n trayendo la concepci\u00f3n de la VPT, en la alegr\u00eda, el desenfado, lo ambiguo. Y todo eso lo re\u00fane el burlesque, por eso es la est\u00e9tica que elegimos para esta edici\u00f3n\u201d.<\/p>\n\n\n\n<p>Una producci\u00f3n de nivel internacional con tres sectores (ultra vip, vip y campo), con una gran puesta en escena, que incluye visuales, un vestuario exclusivo y un dise\u00f1o lum\u00ednico, que suman a la performance en vivo de bailarines y el set de cada DJ.<\/p>\n\n\n\n<p>A lo largo de la fiesta convivir\u00e1n la m\u00fasica de las bandejas, con variadas performance como el tango electr\u00f3nico dirigido por Flavia Marino, pasando por un malambo versionado con distintos estilos, pero con la participaci\u00f3n especial de seis malambistas, entre otras curiosidades. Adem\u00e1s el trabajo coreogr\u00e1fico est\u00e1 a cargo de Fabio Mercado, reconocido core\u00f3grafo mendocino. Y Mat\u00edas Chavez conocido por su personaje Drag Run Bitch en la coreograf\u00eda general.<\/p>\n\n\n\n<p>En esta edici\u00f3n el vestuario fue dise\u00f1ado por Fantas\u00eda de Mujer, Juan Mat\u00edas Figueroa, los accesorios de Sergio Sotelo y Manolo Moraga.<\/p>\n\n\n\n<p><strong>Fuente: www.diariouno.com.ar<\/strong><\/p>\n","protected":false},"excerpt":{"rendered":"<p>Tras la coronaci\u00f3n hist\u00f3rica de los Reyes de la&nbsp;Vendimia para Todxs 2024, el domingo&nbsp;31 de marzo&nbsp;se vivir\u00e1 una gran fiesta de la 28\u00b0 edici\u00f3n de VTP. La fiesta se realizar\u00e1 por primera vez en la&nbsp;Disco Wabi, a partir de las 20 horas, en un evento especial, donde se combinar\u00e1 m\u00fasica y puesta en escena. La [&hellip;]<\/p>\n","protected":false},"author":2,"featured_media":6472,"comment_status":"open","ping_status":"open","sticky":false,"template":"","format":"standard","meta":[],"categories":[74],"tags":[],"_links":{"self":[{"href":"https:\/\/pasaenmendoza.com\/index.php?rest_route=\/wp\/v2\/posts\/6471"}],"collection":[{"href":"https:\/\/pasaenmendoza.com\/index.php?rest_route=\/wp\/v2\/posts"}],"about":[{"href":"https:\/\/pasaenmendoza.com\/index.php?rest_route=\/wp\/v2\/types\/post"}],"author":[{"embeddable":true,"href":"https:\/\/pasaenmendoza.com\/index.php?rest_route=\/wp\/v2\/users\/2"}],"replies":[{"embeddable":true,"href":"https:\/\/pasaenmendoza.com\/index.php?rest_route=%2Fwp%2Fv2%2Fcomments&post=6471"}],"version-history":[{"count":1,"href":"https:\/\/pasaenmendoza.com\/index.php?rest_route=\/wp\/v2\/posts\/6471\/revisions"}],"predecessor-version":[{"id":6473,"href":"https:\/\/pasaenmendoza.com\/index.php?rest_route=\/wp\/v2\/posts\/6471\/revisions\/6473"}],"wp:featuredmedia":[{"embeddable":true,"href":"https:\/\/pasaenmendoza.com\/index.php?rest_route=\/wp\/v2\/media\/6472"}],"wp:attachment":[{"href":"https:\/\/pasaenmendoza.com\/index.php?rest_route=%2Fwp%2Fv2%2Fmedia&parent=6471"}],"wp:term":[{"taxonomy":"category","embeddable":true,"href":"https:\/\/pasaenmendoza.com\/index.php?rest_route=%2Fwp%2Fv2%2Fcategories&post=6471"},{"taxonomy":"post_tag","embeddable":true,"href":"https:\/\/pasaenmendoza.com\/index.php?rest_route=%2Fwp%2Fv2%2Ftags&post=6471"}],"curies":[{"name":"wp","href":"https:\/\/api.w.org\/{rel}","templated":true}]}}