{"id":6480,"date":"2024-03-27T22:32:50","date_gmt":"2024-03-27T21:32:50","guid":{"rendered":"https:\/\/pasaenmendoza.com\/?p=6480"},"modified":"2024-03-27T22:32:52","modified_gmt":"2024-03-27T21:32:52","slug":"milei-quita-subsidios-y-el-gas-aumentara-casi-300","status":"publish","type":"post","link":"https:\/\/pasaenmendoza.com\/?p=6480","title":{"rendered":"Milei quita subsidios y el gas aumentar\u00e1 casi 300%"},"content":{"rendered":"\n<p>El Gobierno avanzar\u00e1 finalmente con los\u00a0<strong>aumentos en las tarifas de gas<\/strong>. Este mi\u00e9rcoles se publica en el Bolet\u00edn Oficial la resoluci\u00f3n que establece la\u00a0<strong>quita de subsidios para el precio mayorista<\/strong>\u00a0del gas en el Punto de Ingreso al Sistema de Transporte (PIST). Se aplicar\u00e1 para las<strong>\u00a0familias de altos ingresos<\/strong>\u00a0y para la\u00a0<strong>industria y el comercio<\/strong>.<\/p>\n\n\n\n<p>Esto implicar\u00e1 que el precio de gas podr\u00eda incrementarse en casi un 300%. Dado que el precio del gas es uno de los componentes de la tarifa final, para conocer el impacto de esto en las boletas habr\u00e1 que esperar a las resoluciones que se publicar\u00e1n en los pr\u00f3ximos d\u00edas en el Bolet\u00edn Oficial. All\u00ed, la&nbsp;<strong>Secretar\u00eda de Energ\u00eda establecer\u00e1 los nuevos cuadros tarifarios que indiquen cu\u00e1nto le permiten incrementar a las empresas de transporte y distribuci\u00f3n de gas<\/strong>.<\/p>\n\n\n\n<p>Seg\u00fan algunos c\u00e1lculos preliminares que hicieron en las empresas, s\u00f3lo con los cambios en el precio del gas PIST,&nbsp;<strong>el impacto en las boletas para los usuarios de altos ingresos que est\u00e1n en el Nivel 1 de la segmentaci\u00f3n podr\u00edan tener incrementos del 135% en abril y de +55% en mayo<\/strong>.<\/p>\n\n\n\n<p>Sin embargo, tambi\u00e9n resta conocer la informaci\u00f3n de c\u00f3mo quedar\u00e1n los subsidios con la<strong>\u00a0canasta b\u00e1sica energ\u00e9tica<\/strong>\u00a0y los esquemas diferenciales que hay en distintos usuarios de todo el pa\u00eds.<\/p>\n\n\n\n<h2 class=\"wp-block-heading\">Gas aumenta casi 300%<\/h2>\n\n\n\n<p>La resoluci\u00f3n establece que las familias del nivel 1 y los usuarios de &#8220;servicio general P&#8221; pasar\u00e1n a pagar por el precio del gas&nbsp;<strong>entre 2,79 d\u00f3lares por mill\u00f3n de BTU, y u$s 2,95<\/strong>, seg\u00fan la zona del pa\u00eds en que se encuentren.<\/p>\n\n\n\n<p>Luego, tendr\u00e1n&nbsp;<strong>otros incrementos progresivos entre mayo y septiembre<\/strong>, hasta alcanzar los u$s 4,26-u$s 4,50 por mill\u00f3n de BTU, dependiente en qu\u00e9 parte del pa\u00eds.&nbsp;<strong>Esto significa una quita total en los subsidios, y el pago pleno del costo del gas<\/strong>.<\/p>\n\n\n\n<p>Por su parte,<strong>&nbsp;los usuarios N2, correspondientes a las familias de menores ingresos, pasar\u00e1n a pagar entre 0,74 d\u00f3lares por mill\u00f3n de BTU y u$s 0,78<\/strong>. Finalmente, los usuarios N3, de ingresos medios, pagar\u00e1n entre u$s 1,10 y u$s 1,17.<\/p>\n\n\n\n<p>Actualmente, el promedio del precio del gas se ubicaba en 0,7 d\u00f3lares por mill\u00f3n de BTU, lo que significaba que el usuario pagaba tan solo un 17% del precio PIST, de u$s 4,10 en promedio, seg\u00fan mostr\u00f3 la Secretar\u00eda de Energ\u00eda en la audiencia p\u00fablica sobre gas.<\/p>\n\n\n\n<h2 class=\"wp-block-heading\">Impacto en la tarifa final<\/h2>\n\n\n\n<p>Para conocer el impacto en la boleta final, todav\u00eda resta que el Gobierno indique c\u00f3mo ser\u00e1n los aumentos en los componentes de transporte y distribuci\u00f3n.&nbsp;<strong>Las empresas del sector hab\u00edan pedido actualizaciones en torno al 500%<\/strong>, por el congelamiento de los \u00faltimos a\u00f1os. Se espera que los cuadros tarifarios salgan en los pr\u00f3ximos d\u00edas.<\/p>\n\n\n\n<p>Adem\u00e1s, desde abril estar\u00e1 vigente, asegura el Gobierno, el nuevo esquema de subsidios, que&nbsp;<strong>cambiar\u00e1 la actual segmentaci\u00f3n<\/strong>.<\/p>\n\n\n\n<p>De todos modos, se espera que el impacto sea fuerte, debido a que ya de por si&nbsp;<strong>las tarifas suelen ser mucho m\u00e1s elevadas en invierno solamente por el mayor consumo<\/strong>.<\/p>\n\n\n\n<p>Los aumentos en la tarifa de gas\u00a0<strong>iban a darse el primero de febrero<\/strong>. Sin embargo, por pedido del ministro de Econom\u00eda, Luis Caputo, se decidi\u00f3 posponerlo, para no presionar en la inflaci\u00f3n de marzo, donde se vio reflejada<strong>\u00a0la suba en electricidad<\/strong>.<\/p>\n\n\n\n<p><strong>Fuente: www.diariouno.com.ar<\/strong><\/p>\n","protected":false},"excerpt":{"rendered":"<p>El Gobierno avanzar\u00e1 finalmente con los\u00a0aumentos en las tarifas de gas. Este mi\u00e9rcoles se publica en el Bolet\u00edn Oficial la resoluci\u00f3n que establece la\u00a0quita de subsidios para el precio mayorista\u00a0del gas en el Punto de Ingreso al Sistema de Transporte (PIST). Se aplicar\u00e1 para las\u00a0familias de altos ingresos\u00a0y para la\u00a0industria y el comercio. Esto implicar\u00e1 [&hellip;]<\/p>\n","protected":false},"author":2,"featured_media":6481,"comment_status":"open","ping_status":"open","sticky":false,"template":"","format":"standard","meta":[],"categories":[79],"tags":[],"_links":{"self":[{"href":"https:\/\/pasaenmendoza.com\/index.php?rest_route=\/wp\/v2\/posts\/6480"}],"collection":[{"href":"https:\/\/pasaenmendoza.com\/index.php?rest_route=\/wp\/v2\/posts"}],"about":[{"href":"https:\/\/pasaenmendoza.com\/index.php?rest_route=\/wp\/v2\/types\/post"}],"author":[{"embeddable":true,"href":"https:\/\/pasaenmendoza.com\/index.php?rest_route=\/wp\/v2\/users\/2"}],"replies":[{"embeddable":true,"href":"https:\/\/pasaenmendoza.com\/index.php?rest_route=%2Fwp%2Fv2%2Fcomments&post=6480"}],"version-history":[{"count":1,"href":"https:\/\/pasaenmendoza.com\/index.php?rest_route=\/wp\/v2\/posts\/6480\/revisions"}],"predecessor-version":[{"id":6482,"href":"https:\/\/pasaenmendoza.com\/index.php?rest_route=\/wp\/v2\/posts\/6480\/revisions\/6482"}],"wp:featuredmedia":[{"embeddable":true,"href":"https:\/\/pasaenmendoza.com\/index.php?rest_route=\/wp\/v2\/media\/6481"}],"wp:attachment":[{"href":"https:\/\/pasaenmendoza.com\/index.php?rest_route=%2Fwp%2Fv2%2Fmedia&parent=6480"}],"wp:term":[{"taxonomy":"category","embeddable":true,"href":"https:\/\/pasaenmendoza.com\/index.php?rest_route=%2Fwp%2Fv2%2Fcategories&post=6480"},{"taxonomy":"post_tag","embeddable":true,"href":"https:\/\/pasaenmendoza.com\/index.php?rest_route=%2Fwp%2Fv2%2Ftags&post=6480"}],"curies":[{"name":"wp","href":"https:\/\/api.w.org\/{rel}","templated":true}]}}