{"id":6484,"date":"2024-04-03T14:23:41","date_gmt":"2024-04-03T12:23:41","guid":{"rendered":"https:\/\/pasaenmendoza.com\/?p=6484"},"modified":"2024-04-03T14:23:42","modified_gmt":"2024-04-03T12:23:42","slug":"paritarias-2024-el-gobierno-de-mendoza-se-enfrenta-a-sute-ate-y-ampros","status":"publish","type":"post","link":"https:\/\/pasaenmendoza.com\/?p=6484","title":{"rendered":"Paritarias 2024: el Gobierno de Mendoza se enfrenta a SUTE, ATE y Ampros"},"content":{"rendered":"\n<p>Hoy a las 10 se sentar\u00e1n en la mesa paritaria los tres gremios m\u00e1s importantes de Mendoza. Los representantes del Ejecutivo llevar\u00e1n una propuesta que se bajar\u00e1 a las bases.<\/p>\n\n\n\n<p>La semana pasada se conocieron los alarmantes datos de pobreza del Indec,\u00a0el 47% de los mendocinos son pobres. Con estos n\u00fameros sobre la mesa se sentar\u00e1n a discutir en una nueva ronda paritaria, el Gobierno de Mendoza y los tres sindicatos m\u00e1s importantes de la provincia.\u00a0<\/p>\n\n\n\n<p>La crisis econ\u00f3mica no es ajena a los afiliados a\u00a0<strong>ATE<\/strong>,\u00a0<strong>SUTE\u00a0<\/strong>y\u00a0<strong>Ampros<\/strong>. Seg\u00fan los c\u00e1lculos de la Direcci\u00f3n de Estad\u00edsticas e Investigaciones Econ\u00f3micas, una familia tipo (dos adultos y dos ni\u00f1os) necesit\u00f3 633 mil pesos para no ser pobre. En este contexto, un docente mendocino de jornada completa cobr\u00f3 518 mil pesos en marzo, si es \u00fanico sost\u00e9n de familia: es pobre.\u00a0<\/p>\n\n\n\n<p>Hoy a las 10, tal como prev\u00e9 la cl\u00e1usula de garant\u00eda firmada en el acuerdo paritario de este a\u00f1o, el Gobierno y los gremios volver\u00e1n a negociar un aumento salarial. Aunque desde el Ejecutivo no han anticipado la propuesta que llevar\u00e1n a las c\u00fapulas de los gremios, el ministro de Cultura, Educaci\u00f3n e Infancias asegur\u00f3 que el di\u00e1logo ser\u00e1 abierto. \u201cLa expectativa es positiva porque a trav\u00e9s del di\u00e1logo se puede encontrar un mecanismo justo para la compensaci\u00f3n de la inflaci\u00f3n y el deterioro del salario docente. Ma\u00f1ana (por hoy) comienza una ronda con el\u00a0<strong>SUTE\u00a0<\/strong>con di\u00e1logo abierto\u201d, dijo Tadeo Garc\u00eda Zalazar.\u00a0<\/p>\n\n\n\n<p>Por su parte, 10 gremios se han unido para fortalecer su postura. En di\u00e1logo la titular de\u00a0<strong>Ampros<\/strong>, Claudia Iturbide,\u00a0critic\u00f3 la escasa negociaci\u00f3n que existe con el Gobierno provincial.\u00a0<\/p>\n\n\n\n<p>\u201cHemos tenido p\u00e9rdida del poder adquisitivo por la estrategia del gobierno porque las propuestas son como decretos encubiertos donde hace una o dos propuestas y si no te gusta no hay m\u00e1s nada. Ponen en la mesa a personas sin poder de negociaci\u00f3n que dicen esta es la \u00fanica orden que me han mandado y es lo \u00fanico que hay\u201d,\u00a0explic\u00f3 Iturbide..<\/p>\n\n\n\n<p>Adem\u00e1s, la gremialista asegur\u00f3 que exigir\u00e1n que cambien la base de c\u00e1lculo de los aumentos porque siempre se utiliza el mes de diciembre del a\u00f1o pasado y es un \u201cn\u00famero mentiroso\u201d porque \u201cno es un 15%, es un 7% real\u201d. Tambi\u00e9n indic\u00f3 que no van a aceptar bonos en negro.&nbsp;<\/p>\n\n\n\n<p>\u201cTenemos a mucha gente por debajo de la canasta b\u00e1sica. Somos los peor pagos del pa\u00eds. Hemos perdido profesionales que se van a trabajar a otras provincias\u201d, indic\u00f3. Como \u00faltima instancia, los gremios aseguraron que ir\u00e1n al paro si no llegan a un acuerdo.&nbsp;<\/p>\n\n\n\n<h2 class=\"wp-block-heading\">\u00daltima paritaria<\/h2>\n\n\n\n<p>En enero, el Gobierno provincial decidi\u00f3 adelantar 60 d\u00edas la paritaria por la crisis econ\u00f3mica y los altos \u00edndices de inflaci\u00f3n. Las rondas de negociaci\u00f3n empezaron el 29 de enero y un mes despu\u00e9s desde Casa de Gobierno festejaban que hab\u00edan cerrado los acuerdos paritarios con 18 representantes gremiales de la Administraci\u00f3n P\u00fablica.<\/p>\n\n\n\n<p>La mayor\u00eda de los sindicatos acept\u00f3 el pago de una suma fija -no remunerativa y no bonificable- de 90 mil pesos que se pag\u00f3 en febrero. M\u00e1s un incremento de 15% en febrero y de 15% en marzo.<\/p>\n\n\n\n<p>Los \u00fanicos que firmaron otra propuesta fueron los Funcionarios Judiciales, que aceptaron la propuesta salarial de un incremento en el b\u00e1sico de 16% en febrero y 16% en marzo.\u00a0<\/p>\n\n\n\n<p>FUENTE: MDZonline,<\/p>\n","protected":false},"excerpt":{"rendered":"<p>Hoy a las 10 se sentar\u00e1n en la mesa paritaria los tres gremios m\u00e1s importantes de Mendoza. Los representantes del Ejecutivo llevar\u00e1n una propuesta que se bajar\u00e1 a las bases. La semana pasada se conocieron los alarmantes datos de pobreza del Indec,\u00a0el 47% de los mendocinos son pobres. Con estos n\u00fameros sobre la mesa se [&hellip;]<\/p>\n","protected":false},"author":2,"featured_media":6485,"comment_status":"open","ping_status":"open","sticky":true,"template":"","format":"standard","meta":[],"categories":[47],"tags":[],"_links":{"self":[{"href":"https:\/\/pasaenmendoza.com\/index.php?rest_route=\/wp\/v2\/posts\/6484"}],"collection":[{"href":"https:\/\/pasaenmendoza.com\/index.php?rest_route=\/wp\/v2\/posts"}],"about":[{"href":"https:\/\/pasaenmendoza.com\/index.php?rest_route=\/wp\/v2\/types\/post"}],"author":[{"embeddable":true,"href":"https:\/\/pasaenmendoza.com\/index.php?rest_route=\/wp\/v2\/users\/2"}],"replies":[{"embeddable":true,"href":"https:\/\/pasaenmendoza.com\/index.php?rest_route=%2Fwp%2Fv2%2Fcomments&post=6484"}],"version-history":[{"count":1,"href":"https:\/\/pasaenmendoza.com\/index.php?rest_route=\/wp\/v2\/posts\/6484\/revisions"}],"predecessor-version":[{"id":6486,"href":"https:\/\/pasaenmendoza.com\/index.php?rest_route=\/wp\/v2\/posts\/6484\/revisions\/6486"}],"wp:featuredmedia":[{"embeddable":true,"href":"https:\/\/pasaenmendoza.com\/index.php?rest_route=\/wp\/v2\/media\/6485"}],"wp:attachment":[{"href":"https:\/\/pasaenmendoza.com\/index.php?rest_route=%2Fwp%2Fv2%2Fmedia&parent=6484"}],"wp:term":[{"taxonomy":"category","embeddable":true,"href":"https:\/\/pasaenmendoza.com\/index.php?rest_route=%2Fwp%2Fv2%2Fcategories&post=6484"},{"taxonomy":"post_tag","embeddable":true,"href":"https:\/\/pasaenmendoza.com\/index.php?rest_route=%2Fwp%2Fv2%2Ftags&post=6484"}],"curies":[{"name":"wp","href":"https:\/\/api.w.org\/{rel}","templated":true}]}}