{"id":6487,"date":"2024-04-03T14:27:16","date_gmt":"2024-04-03T12:27:16","guid":{"rendered":"https:\/\/pasaenmendoza.com\/?p=6487"},"modified":"2024-04-03T14:27:18","modified_gmt":"2024-04-03T12:27:18","slug":"codigo-minero-paritarias-reunion-con-francos-y-paquete-fiscal-arranca-una-semana-clave-para-el-gobierno","status":"publish","type":"post","link":"https:\/\/pasaenmendoza.com\/?p=6487","title":{"rendered":"C\u00f3digo minero, paritarias, reuni\u00f3n con Francos y paquete fiscal: arranca una semana clave para el Gobierno"},"content":{"rendered":"\n<p>En tres d\u00edas la administraci\u00f3n de Alfredo Cornejo buscar\u00e1 avanzar en cuestiones clave para el futuro inmediato de la provincia.<\/p>\n\n\n\n<p>En una semana corta de apenas tres d\u00edas, el Gobierno de&nbsp;<strong>Alfredo Cornejo<\/strong>&nbsp;buscar\u00e1 avanzar con<strong>&nbsp;cuestiones clave<\/strong>&nbsp;de la administraci\u00f3n de la provincia. Entre ellas se encuentra el comienzo de la&nbsp;<strong>negociaci\u00f3n paritaria<\/strong>&nbsp;con el sector estatal, el tratamiento de la reforma del c\u00f3digo minero en la&nbsp;<strong>Legislatura<\/strong>, la presentaci\u00f3n del paquete fiscal y la reuni\u00f3n que mantendr\u00e1 con el ministro del Interior<strong>, Guillermo Francos,<\/strong>&nbsp;con el objetivo de destrabar las negociaciones de la ley \u00f3mnibus impulsada por<strong>&nbsp;Javier Milei.<\/strong><\/p>\n\n\n\n<h2 class=\"wp-block-heading\" id=\"h-paritarias\">Paritarias<\/h2>\n\n\n\n<p>A partir de las 9 de la ma\u00f1ana de este mi\u00e9rcoles, representantes del Ministerio de Hacienda se encontrar\u00e1n con dirigentes gremiales de la Asociaci\u00f3n Mendocina de Profesionales de la Salud (Ampros), de la Asociaci\u00f3n de Trabajadores del Estado (ATE) y del Sindicato Unido de Trabajadores de la Educaci\u00f3n (SUTE)\u00a0en el comienzo de la mesa paritaria.<\/p>\n\n\n\n<p>Los gremios&nbsp;<mark>van a solicitar aumentos que lleven el piso salarial a los valores de la canasta b\u00e1sica, y para presionar al Ejecutivo, durante la semana pasada se reunieron la mayor\u00eda de los dirigentes sindicales para analizar medidas de fuerza en conjunto en el caso de no obtener los resultados deseados.<\/mark><\/p>\n\n\n\n<p>En tanto, fue el propio Cornejo quien le intent\u00f3 poner un techo a la negociaci\u00f3n que se viene. \u201c<em>Nos tenemos que atar a la recaudaci\u00f3n, que viene en ca\u00edda y tenemos que buscar un equilibrio entre la recaudaci\u00f3n que baja y que nuestro sector p\u00fablico cobre salarios dignos<\/em>\u201c.<\/p>\n\n\n\n<h2 class=\"wp-block-heading\" id=\"h-paquete-fiscal-y-codigo-minero\">Paquete fiscal y c\u00f3digo minero<\/h2>\n\n\n\n<p>En cuanto a reformas, los ojos se posar\u00e1n en la c\u00e1mara de diputados, ya que el Gobierno ingresar\u00e1 en la c\u00e1mara baja el\u00a0<strong>proyecto de reforma<\/strong>\u00a0<strong>fiscal\u00a0<\/strong>con el que busca eficientizar el gasto de la provincia. Adem\u00e1s, en la sesi\u00f3n de ma\u00f1ana el oficialismo intentar\u00e1 darle media sanci\u00f3n a la reforma del\u00a0<strong>C\u00f3digo Procesal Minero.<\/strong><\/p>\n\n\n\n<p><em>\u201cEl paquete fiscal es m\u00e1s bien una ley de responsabilidad fiscal, con el objetivo de ver c\u00f3mo hacemos para optimizar los recursos con esta ca\u00edda en la recaudaci\u00f3n. Esto, m\u00e1s el paquete de leyes vinculado a la seguridad, esperemos que est\u00e9n ingresados en la Legislatura antes de la apertura de sesiones ordinarias\u201d<\/em>, explic\u00f3 Cornejo.<\/p>\n\n\n\n<p>Se espera que el proyecto ingrese este mi\u00e9rcoles, aunque no hay confirmaci\u00f3n al respecto.&nbsp;<mark>Las principales modificaciones estar\u00edan vinculadas al reparto de recursos v\u00eda coparticipaci\u00f3n, a trav\u00e9s de una eventual modificaci\u00f3n del denominado coeficiente de equilibrio regional, que tiene por finalidad nivelar las sumas que perciben por habitante los departamentos con similares caracter\u00edsticas.<\/mark><\/p>\n\n\n\n<p>Con respecto al C\u00f3digo Procesal Minero, durante la semana pasada, en labor parlamentaria se estableci\u00f3 que este mi\u00e9rcoles en el recinto se busque darle media sanci\u00f3n al proyecto.<\/p>\n\n\n\n<p>Las principales modificaciones realizadas al texto propuesto por el Ejecutivo Provincial tienen que ver con la incorporaci\u00f3n del Consejo de Miner\u00eda como autoridad minera de la provincia \u201c<em>en segunda instancia<\/em>\u201d y como \u00f3rgano consultivo.<\/p>\n\n\n\n<p>Adem\u00e1s, se modificaron competencias de Impulsa Mendoza, empresa estatal que intervendr\u00e1 en los casos en que se disponga liberaci\u00f3n de \u00e1reas registradas, ocupadas por derechos mineros, aquellas de caducidad o revocaci\u00f3n de permisos de exploraci\u00f3n o declaraci\u00f3n de minas vacantes.<\/p>\n\n\n\n<p>En estos casos,<mark>&nbsp;Impulsa Mendoza tendr\u00e1 180 d\u00edas como m\u00e1ximo para llamar a concurso p\u00fablico de estas \u00e1reas,<\/mark><\/p>\n\n\n\n<h2 class=\"wp-block-heading\" id=\"h-reunion-con-francos\">Reuni\u00f3n con Francos<\/h2>\n\n\n\n<p>En tanto, el jueves por la tarde,<strong>\u00a0Alfredo Cornejo<\/strong>\u00a0participar\u00e1 junto con los dem\u00e1s gobernadores de una reuni\u00f3n con el ministro del Interior, Guillermo Francos,\u00a0<mark>en donde se debatir\u00e1n puntos clave de la ley \u00f3mnibus que impulsa el Ejecutivo nacional, como as\u00ed tambi\u00e9n sobre el Pacto de Mayo al que convoc\u00f3 el presidente Javier Milei para el pr\u00f3ximo 25 de mayo durante su discurso de apertura de sesiones ordinarias.<\/mark><\/p>\n\n\n\n<p>Si bien en un principio se esperaba que Cornejo reclamara por las deudas de que la Naci\u00f3n mantiene con la provincia, como el del subsidio al transporte o del Fondo de Incentivo Docente (Fonid), pero finalmente se decant\u00f3 por una agenda m\u00e1s homog\u00e9nea con la liga de gobernadores.<\/p>\n\n\n\n<p>FUENTE: Elsol.com.ar <\/p>\n","protected":false},"excerpt":{"rendered":"<p>En tres d\u00edas la administraci\u00f3n de Alfredo Cornejo buscar\u00e1 avanzar en cuestiones clave para el futuro inmediato de la provincia. En una semana corta de apenas tres d\u00edas, el Gobierno de&nbsp;Alfredo Cornejo&nbsp;buscar\u00e1 avanzar con&nbsp;cuestiones clave&nbsp;de la administraci\u00f3n de la provincia. Entre ellas se encuentra el comienzo de la&nbsp;negociaci\u00f3n paritaria&nbsp;con el sector estatal, el tratamiento de [&hellip;]<\/p>\n","protected":false},"author":2,"featured_media":6488,"comment_status":"open","ping_status":"open","sticky":true,"template":"","format":"standard","meta":[],"categories":[47],"tags":[],"_links":{"self":[{"href":"https:\/\/pasaenmendoza.com\/index.php?rest_route=\/wp\/v2\/posts\/6487"}],"collection":[{"href":"https:\/\/pasaenmendoza.com\/index.php?rest_route=\/wp\/v2\/posts"}],"about":[{"href":"https:\/\/pasaenmendoza.com\/index.php?rest_route=\/wp\/v2\/types\/post"}],"author":[{"embeddable":true,"href":"https:\/\/pasaenmendoza.com\/index.php?rest_route=\/wp\/v2\/users\/2"}],"replies":[{"embeddable":true,"href":"https:\/\/pasaenmendoza.com\/index.php?rest_route=%2Fwp%2Fv2%2Fcomments&post=6487"}],"version-history":[{"count":1,"href":"https:\/\/pasaenmendoza.com\/index.php?rest_route=\/wp\/v2\/posts\/6487\/revisions"}],"predecessor-version":[{"id":6489,"href":"https:\/\/pasaenmendoza.com\/index.php?rest_route=\/wp\/v2\/posts\/6487\/revisions\/6489"}],"wp:featuredmedia":[{"embeddable":true,"href":"https:\/\/pasaenmendoza.com\/index.php?rest_route=\/wp\/v2\/media\/6488"}],"wp:attachment":[{"href":"https:\/\/pasaenmendoza.com\/index.php?rest_route=%2Fwp%2Fv2%2Fmedia&parent=6487"}],"wp:term":[{"taxonomy":"category","embeddable":true,"href":"https:\/\/pasaenmendoza.com\/index.php?rest_route=%2Fwp%2Fv2%2Fcategories&post=6487"},{"taxonomy":"post_tag","embeddable":true,"href":"https:\/\/pasaenmendoza.com\/index.php?rest_route=%2Fwp%2Fv2%2Ftags&post=6487"}],"curies":[{"name":"wp","href":"https:\/\/api.w.org\/{rel}","templated":true}]}}