{"id":6490,"date":"2024-04-03T14:33:07","date_gmt":"2024-04-03T12:33:07","guid":{"rendered":"https:\/\/pasaenmendoza.com\/?p=6490"},"modified":"2024-04-03T14:33:08","modified_gmt":"2024-04-03T12:33:08","slug":"arranco-un-superabril-en-la-legislatura-para-cornejo-mineria-salud-justicia-y-coparticipacion","status":"publish","type":"post","link":"https:\/\/pasaenmendoza.com\/?p=6490","title":{"rendered":"Arranc\u00f3 un &#8220;superabril&#8221; en la Legislatura para Cornejo: miner\u00eda, salud, Justicia y coparticipaci\u00f3n"},"content":{"rendered":"\n<p>Antes de las sesiones ordinarias, al Gobierno se le viene un mes de alta actividad. Los proyectos que est\u00e1n listos para salir y los que a\u00fan necesitan trabajo<\/p>\n\n\n\n<p>Arranc\u00f3 abril y con \u00e9l la<strong>\u00a0s\u00faper agenda legislativa<\/strong>\u00a0que el Gobierno de\u00a0<strong>Alfredo Cornejo<\/strong>\u00a0tiene trazada. En el cuarto mes del a\u00f1o -el \u00faltimo antes del arranque de las sesiones ordinarias-, el Ejecutivo tiene por delante terminar de dar sanci\u00f3n a los 26 art\u00edculos del plan de\u00a0<strong>salud<\/strong>;\u00a0dos<strong>\u00a0proyectos mineros<\/strong>\u00a0a los que ha definido como fundamentales\u00a0y, en teor\u00eda, los cambios al sistema de\u00a0<strong>coparticipaci\u00f3n\u00a0<\/strong>para los municipios. Por qu\u00e9 algunos se demoran y la trama que hay detr\u00e1s de cada negociaci\u00f3n.<\/p>\n\n\n\n<p>Se cre\u00f3 un&nbsp;<strong>Consejo Asesor Permanente en materia sanitaria<\/strong>&nbsp;y se decidi\u00f3 que cada ministro del \u00e1rea tendr\u00e1 que presentar un&nbsp;<strong>plan a cuatro a\u00f1os&nbsp;<\/strong>que defina c\u00f3mo trabajar\u00e1 el ministerio durante toda su gesti\u00f3n. Con esos dos cambios arranc\u00f3 el mapa de iniciativas que entr\u00f3 a la Casa de las Leyes all\u00e1 por febrero. Con una rapidez y un&nbsp;<strong>consenso con la oposici\u00f3n que sorprendi\u00f3 a algunos<\/strong>, esa serie de propuestas avanz\u00f3 bastante en marzo y ahora entr\u00f3 en su \u00faltima etapa.<\/p>\n\n\n\n<p>Lo que queda por delante puede generar m\u00e1s cruces, porque en el horizonte aparecen algunas de las normas que m\u00e1s cr\u00edticas generaron en los gremios.<strong>\u00a0Sobre todo en AMPROS y en ATE, que son las que tienen afiliados que pueden verse afectados.\u00a0<\/strong>Fundamentalmente, lo que asoma como problem\u00e1tico es el\u00a0<strong>cambio en el r\u00e9gimen para profesionales m\u00e9dicos,\u00a0<\/strong>que dispone que -si ellos lo desean- trabajadores de la salud puedan salirse del convenio colectivo actual para suscribir al que Salud les estar\u00e1 ofreciendo.<\/p>\n\n\n\n<p>La titular de AMPROS, Claudia Iturbe, denunci\u00f3 que&nbsp;<strong>ofrecer un convenio distinto era sencillamente ilegal.<\/strong>&nbsp;A eso sum\u00f3 cr\u00edticas respecto a c\u00f3mo se dar\u00e1n los aumentos en la nueva etapa, ya que la ley original dice en su art\u00edculo 12 que ser\u00e1n definidos<strong>&nbsp;&#8220;peri\u00f3dicamente&#8221; por el Poder Ejecutivo<\/strong>&nbsp;y no habla de paritarias.<\/p>\n\n\n\n<p>&#8220;Es porque no podemos definir por ley una entidad con la que vayamos a negociar si no sabemos cu\u00e1l ser\u00e1 efectivamente esa entidad. Puede ser incluso AMPROS o pueden ser otras&#8221;, fue lo que explicaron cerca del ministro durante la presentaci\u00f3n en comisiones de los proyectos.&nbsp;<strong>&#8220;Pero no es que no vaya a haber negociaci\u00f3n salarial, en absoluto&#8221;,<\/strong>&nbsp;remarcaron a&nbsp;<strong>UNO.<\/strong><\/p>\n\n\n\n<p>A pesar de que es correcto lo que marcaron desde el sindicato -que la letra en el primer borrador no habla de aumentos consensuados- desde el oficialismo aseguran que esas mesas\u00a0<strong>s\u00ed existir\u00e1n\u00a0<\/strong>en la nueva etapa.<\/p>\n\n\n\n<h2 class=\"wp-block-heading\">Lo que queda por tratar en el plan de salud<\/h2>\n\n\n\n<p>En ese mismo marco,\u00a0<strong>los proyectos de Salud ofrecer\u00e1n algunas otras rispideces<\/strong>, ya que a\u00fan quedan pendientes las modificaciones en torno a radiaciones ionizantes (que tambi\u00e9n fueron criticadas por AMPROS y definidas como poco seguras), el cambio de funciones para licenciados en Enfermer\u00eda y la\u00a0<strong>autonom\u00eda de profesionales farmac\u00e9uticos<\/strong>. Todas reclamadas como negativas por parte de los trabajadores nucleados en esa entidad.<\/p>\n\n\n\n<p>En cuanto a la que ata\u00f1e a las farmacias, desde el oficialismo dijeron a este medio que&nbsp;<strong>lo que est\u00e1n protegiendo desde los sindicatos es un &#8220;privilegio para algunos&#8221;.<\/strong>&nbsp;B\u00e1sicamente, la normativa prev\u00e9 que se cambie la modalidad laboral de los farmac\u00e9uticos del Estado, que actualmente y desde hace a\u00f1os tienen el t\u00edtulo bloqueado y&nbsp;<strong>no pueden desarrollarse en el sector privado.<\/strong><\/p>\n\n\n\n<p><strong>&#8220;Hoy algunos ganan m\u00e1s de 1.2 millones de pesos y trabajan mucho menos tiempo;&nbsp;<\/strong>por supuesto que se van a oponer a que les desbloqueen el t\u00edtulo; porque&nbsp;<strong>van a tener que pelear como lo hace cualquier farmac\u00e9utico<\/strong>&nbsp;en el sector privado y no est\u00e1n acostumbrados a eso&#8221;, dijo un senador de Cambia Mendoza que, l\u00f3gicamente, est\u00e1 a favor de lo impulsado por el Ejecutivo.<\/p>\n\n\n\n<p><strong>Diario UNO consult\u00f3 a trabajadores del sector por la veracidad de esos dichos<\/strong>&nbsp;y dieron perspectivas similares.<\/p>\n\n\n\n<p><strong>En total se han tratado 15 proyectos de los 26.\u00a0<\/strong>Resta la discusi\u00f3n por los diez que quedan en Senadores y por el \u00fanico que fue directamente remitido a Diputados<strong>; que a su vez tiene una vuelta de tuerca legislativa<\/strong>, porque plantea modificar la Ley Impositiva adem\u00e1s de los aspectos sanitarios. Esto es porque la norma busca que\u00a0un porcentaje de lo recaudado por\u00a0<strong>Ingresos Brutos<\/strong>\u00a0vaya al Ministerio y se destine al plan de\u00a0<strong>salud mental.<\/strong><\/p>\n\n\n\n<p>De los otros diez que a\u00fan boyan en la Casa de las Leyes, al menos&nbsp;<strong>un tercio tendr\u00eda despacho este mi\u00e9rcoles,<\/strong>&nbsp;para luego ser tratado en el recinto el martes 9 de abril.<\/p>\n\n\n\n<p><strong>\u00bfQu\u00e9 queda?\u00a0<\/strong>Adem\u00e1s de los ya mencionados, est\u00e1 el de Emergencia Sanitaria; la Ley de Matriculaci\u00f3n Profesional; la recuperaci\u00f3n de costos por violaci\u00f3n a normas y el nuevo marco regulatorio para investigaciones biom\u00e9dicas, entre otros.<\/p>\n\n\n\n<h2 class=\"wp-block-heading\">Los avances en miner\u00eda<\/h2>\n\n\n\n<p>En materia minera, lo que asoma para el Gobierno son dos proyectos, aunque buena parte del foco se ha puesto en uno durante esta primera etapa. Son la&nbsp;<strong>modificaci\u00f3n del C\u00f3digo de Procedimientos&nbsp;<\/strong>en ese \u00e1mbito y la aprobaci\u00f3n de&nbsp;<strong>Malarg\u00fce Distrito Minero.<\/strong><\/p>\n\n\n\n<p>El primero cambia la forma en que se estudian, licitan, controlan y aprueban los proyectos en los yacimientos mendocinos, dandole m\u00e1s tareas a la empresa estatal<strong>\u00a0Impulsa Mendoza<\/strong>, que pasar\u00eda a tomar nuevas decisiones. El segundo intenta agilizar procesos,<strong>\u00a0reuniendo distintas declaraciones de impacto ambiental\u00a0<\/strong>que queden dentro de una misma zona, delimitada por el Ejecutivo, en el oeste malarg\u00fcino.<\/p>\n\n\n\n<p><strong>La modificaci\u00f3n del c\u00f3digo se presentar\u00e1 este mi\u00e9rcoles\u00a0<\/strong>en la C\u00e1mara Baja, luego de que en la \u00faltima semana se le diera despacho en el plenario de comisiones (a nivel medi\u00e1tico esa novedad\u00a0<strong>qued\u00f3 eclipsada\u00a0por la suspensi\u00f3n a Janina Ortiz,<\/strong>\u00a0que tuvo lugar el mismo d\u00eda y en el mismo recinto).<\/p>\n\n\n\n<p>Ahora ser\u00e1n 47 diputados los que definan el futuro del proyecto y ya hay algunos que pr\u00e1cticamente confirmaron su pulgar hacia abajo. Uno es el legislador sancarlino<strong>&nbsp;Jorge Difonso, ya hist\u00f3rico legislador ambientalista y defensor de la ley 7.722;&nbsp;<\/strong>que, vale recordar, no se modifica con estos cambios que pretende el Gobierno.<\/p>\n\n\n\n<p><strong>&#8220;No puedo decir c\u00f3mo votar\u00e9 porque el despacho que aprobaron todav\u00eda no tiene definida la redacci\u00f3n<\/strong>. Lo est\u00e1n modificando todav\u00eda, as\u00ed que vamos a ver qu\u00e9 le ponen, pero de por s\u00ed ya&nbsp;<strong>es un papel\u00f3n&#8221;<\/strong>, dijo el hombre de La Uni\u00f3n Mendocina.<\/p>\n\n\n\n<p>Es casi seguro que uno de sus aliados principales, el tambi\u00e9n exintendente de San Carlos\u00a0<strong>Rolando Scanio,\u00a0<\/strong>vote en conjunto con \u00e9l. Su coalici\u00f3n, sin embargo, tendr\u00e1 varias voces a favor del avance para la miner\u00eda, tal como lo vienen solicitando. Principalmente del titular de la bancada en\u00a0<strong>Diputados, Gustavo Cairo.<\/strong><\/p>\n\n\n\n<p>M\u00e1s adelante vendr\u00e1 la discusi\u00f3n por&nbsp;<strong>Malarg\u00fce Distrito Minero.<\/strong>&nbsp;Respecto a eso, sectores ambientalistas ya est\u00e1n preparando su contraofensiva, que directamente se basa, seg\u00fan supo este medio,&nbsp;<strong>en plantear la inconstitucionalidad del proyecto.<\/strong>&nbsp;Lo que van a presentar es la supuesta imposibilidad de que sea un \u00fanico estudio de impacto ambiental para todos los yacimientos comprendidos en el \u00e1rea en cuesti\u00f3n. En ellas&nbsp;<strong>se cree que hay entre 200 y 250 permisos<\/strong>, aunque no todos avanzar\u00edan.<\/p>\n\n\n\n<p><strong>&#8220;Adem\u00e1s les va a costar ponerse de acuerdo y equilibrar las fases.\u00a0<\/strong>Porque algunos proyectos s\u00f3lo tienen los cateos, otros ya est\u00e1n explotando. Tienen que consensuar tecnolog\u00edas. Es m\u00e1s complejo&#8221;, dijeron los detractores de la norma, aunque esto \u00faltimo ya es un tema pr\u00e1ctico y no jur\u00eddico.<\/p>\n\n\n\n<h2 class=\"wp-block-heading\"><strong>Coparticipaci\u00f3n<\/strong><\/h2>\n\n\n\n<p><strong>&#8220;Deber\u00eda entrar muy r\u00e1pido; no podemos seguir dilatando esta discusi\u00f3n&#8221;,<\/strong>\u00a0admitieron con apuro las propias espadas legislativas de Cornejo. Se refer\u00edan a los cambios a la coparticipaci\u00f3n, que desde hace m\u00e1s de un mes vienen amagando con entrar por Peatonal y Patricias y sin embargo todav\u00eda se hacen esperar.<\/p>\n\n\n\n<p>Concretamente, lo que vendr\u00e1 desde&nbsp;<strong>Hacienda es la modificaci\u00f3n a uno de los tres \u00edtems que rigen el reparto de dinero&nbsp;<\/strong>hacia las 18 comunas. Uno de los criterios que componen a ese tridente es el demogr\u00e1fico; que distribuye el 65% de la &#8220;torta&#8221; de acuerdo a la cantidad de poblaci\u00f3n en cada departamento. Luego, el 25% se les da a todos en partes iguales y, finalmente, el 10% restante se desembolsa de acuerdo a un&nbsp;<strong>coeficiente de equilibrio cuyo objetivo es equiparar a comunas que ganan mucho<\/strong>&nbsp;con otras que salen perdiendo en el sistema actual. \u00c9se es el que tocar\u00e1n, en teor\u00eda.<\/p>\n\n\n\n<p>El asunto es que en el medio hay varios elementos que ya&nbsp;<strong>&#8220;metieron la cola&#8221;.<\/strong>&nbsp;Uno de los m\u00e1s importantes es el censo 2021, que debe ser tenido en cuenta para la distribuci\u00f3n demogr\u00e1fica y que les dio mucho crecimiento poblacional a intendencias como Maip\u00fa y Luj\u00e1n de Cuyo, generando la queja de otras que dicen&nbsp;<strong>directamente haber sido mal medidas: Godoy Cruz y San Rafael, por ejemplo.<\/strong><\/p>\n\n\n\n<p>No es lo \u00fanico porque, en el medio de ese panorama<strong>, el intendente de Luj\u00e1n, Esteban Allasino, se present\u00f3 en la Suprema Corte<\/strong>&nbsp;reclamando una supuesta deuda de<strong>&nbsp;15 mil millones de pesos&nbsp;<\/strong>por coparticipaci\u00f3n adeudada de a\u00f1os anteriores.<\/p>\n\n\n\n<p>Como si fuera poco,\u00a0<strong>como anticip\u00f3 Diario UNO<\/strong>\u00a0este fin de semana, el capitalino\u00a0<strong>Ulpiano Suarez present\u00f3 un pronto despacho\u00a0<\/strong>para que le mejoren otro instrumento de reparto: un fondo compensatorio que va a Ciudad y a La Paz, que no se modifica desde hace m\u00e1s de diez a\u00f1os y que qued\u00f3\u00a0<strong>muy disminuido en t\u00e9rminos reales<\/strong>\u00a0por la inflaci\u00f3n de la \u00faltima d\u00e9cada.<\/p>\n\n\n\n<p><strong>&#8220;Nuestra prioridad son los servicios b\u00e1sicos.<\/strong>&nbsp;Por eso entraron proyectos de salud, educaci\u00f3n y energ\u00eda, entre otros. Lo otro es discusi\u00f3n de intendentes<strong>; no es prioritario para los mendocinos si a vos te te toca m\u00e1s o a m\u00ed menos en el municipio A o B&#8221;,&nbsp;<\/strong>dijo uno de los hombres fuertes del gobernador en la Legislatura.<\/p>\n\n\n\n<p>En ese sentido, es probable incluso que ingresen\u00a0<strong>propuestas de Seguridad y Justicia antes que las modificaciones de la coparticipaci\u00f3n,\u00a0<\/strong>a pesar de que estas \u00faltimas parec\u00edan a punto de desembarcar, seg\u00fan pudo saber este diario.<\/p>\n\n\n\n<p>FUENTE: Diariouno.com.ar <\/p>\n","protected":false},"excerpt":{"rendered":"<p>Antes de las sesiones ordinarias, al Gobierno se le viene un mes de alta actividad. Los proyectos que est\u00e1n listos para salir y los que a\u00fan necesitan trabajo Arranc\u00f3 abril y con \u00e9l la\u00a0s\u00faper agenda legislativa\u00a0que el Gobierno de\u00a0Alfredo Cornejo\u00a0tiene trazada. En el cuarto mes del a\u00f1o -el \u00faltimo antes del arranque de las sesiones [&hellip;]<\/p>\n","protected":false},"author":2,"featured_media":6491,"comment_status":"open","ping_status":"open","sticky":true,"template":"","format":"standard","meta":[],"categories":[47],"tags":[],"_links":{"self":[{"href":"https:\/\/pasaenmendoza.com\/index.php?rest_route=\/wp\/v2\/posts\/6490"}],"collection":[{"href":"https:\/\/pasaenmendoza.com\/index.php?rest_route=\/wp\/v2\/posts"}],"about":[{"href":"https:\/\/pasaenmendoza.com\/index.php?rest_route=\/wp\/v2\/types\/post"}],"author":[{"embeddable":true,"href":"https:\/\/pasaenmendoza.com\/index.php?rest_route=\/wp\/v2\/users\/2"}],"replies":[{"embeddable":true,"href":"https:\/\/pasaenmendoza.com\/index.php?rest_route=%2Fwp%2Fv2%2Fcomments&post=6490"}],"version-history":[{"count":1,"href":"https:\/\/pasaenmendoza.com\/index.php?rest_route=\/wp\/v2\/posts\/6490\/revisions"}],"predecessor-version":[{"id":6492,"href":"https:\/\/pasaenmendoza.com\/index.php?rest_route=\/wp\/v2\/posts\/6490\/revisions\/6492"}],"wp:featuredmedia":[{"embeddable":true,"href":"https:\/\/pasaenmendoza.com\/index.php?rest_route=\/wp\/v2\/media\/6491"}],"wp:attachment":[{"href":"https:\/\/pasaenmendoza.com\/index.php?rest_route=%2Fwp%2Fv2%2Fmedia&parent=6490"}],"wp:term":[{"taxonomy":"category","embeddable":true,"href":"https:\/\/pasaenmendoza.com\/index.php?rest_route=%2Fwp%2Fv2%2Fcategories&post=6490"},{"taxonomy":"post_tag","embeddable":true,"href":"https:\/\/pasaenmendoza.com\/index.php?rest_route=%2Fwp%2Fv2%2Ftags&post=6490"}],"curies":[{"name":"wp","href":"https:\/\/api.w.org\/{rel}","templated":true}]}}