{"id":6511,"date":"2024-04-04T00:33:06","date_gmt":"2024-04-03T22:33:06","guid":{"rendered":"https:\/\/pasaenmendoza.com\/?p=6511"},"modified":"2024-04-04T00:33:07","modified_gmt":"2024-04-03T22:33:07","slug":"mas-de-20-000-personas-asistieron-al-festival-musica-clasica-por-los-caminos-del-vino","status":"publish","type":"post","link":"https:\/\/pasaenmendoza.com\/?p=6511","title":{"rendered":"M\u00e1s de 20.000 personas asistieron al festival M\u00fasica Cl\u00e1sica por los Caminos del Vino"},"content":{"rendered":"\n<p>Con la actuaci\u00f3n del pianista Horacio Lavandera, invitado de honor al festival, este martes concluy\u00f3 la edici\u00f3n 23 de\u00a0<strong>M\u00fasica Cl\u00e1sica por los Caminos del Vino<\/strong>\u00a0que durante Semana Santa ofreci\u00f3 65 conciertos en bodegas y sitios patrimoniales de la provincia y que por primera vez se extendi\u00f3 a San Juan y San Luis. Asistieron m\u00e1s de 20.000 personas.<\/p>\n\n\n\n<p>Este programa cultural y tur\u00edstico creado a principios del nuevo siglo por el actual vicerector de la UNCuyo, Gabriel Fidel, logr\u00f3 trascender las gestiones de Gobierno y colabor\u00f3 en posicionar a\u00a0<strong>Mendoza como uno de los lugares m\u00e1s elegidos para\u00a0Semana Santa.<\/strong>\u00a0Se realiz\u00f3, como es habitual, en 7 d\u00edas y este a\u00f1o coincidi\u00f3 con el fin de semana extra largo.<\/p>\n\n\n\n<p><strong>El festival cont\u00f3 esta vez con 335 m\u00fasicos<\/strong>\u00a0-entre cantantes e instrumentistas participantes- que brindaron sus conciertos a mendocinos y turistas por igual, invit\u00e1ndolos a adentrarse en la m\u00fasica cl\u00e1sica descubriendo al mismo tiempo bodegas, espacios culturales, escuelas, parroquias, museos, sitios patrimoniales y cuanto lugar se pueda utilizar como escenario vinculado a la identidad mendocina.<\/p>\n\n\n\n<p>Esta edici\u00f3n volvi\u00f3 a su&nbsp;<strong>car\u00e1cter solidario de canje de entradas junto a la Fundaci\u00f3n del Banco de Alimentos Mendoza<\/strong>&nbsp;y a una representaci\u00f3n federal que abarc\u00f3 todos los municipios de la provincia. Adem\u00e1s, por primera vez y en trabajo conjunto con las autoridades del \u00e1rea de Cultura de los gobiernos de San Luis y San Juan, el festival lleg\u00f3 con dos conciertos a estas provincias cuyanas.<\/p>\n\n\n\n<h2 class=\"wp-block-heading\">M\u00fasica Cl\u00e1sica por los Caminos del Vino, en expansi\u00f3n<\/h2>\n\n\n\n<p>En concreto, 20.715 asistentes alcanz\u00f3 la 23\u00b0 edici\u00f3n del festival M\u00fasica Cl\u00e1sica por los Caminos del Vino, con un promedio de&nbsp;<strong>233 espectadores por concierto<\/strong>. Cada una de las 65 presentaciones fusionaron la m\u00fasica cl\u00e1sica con degustaci\u00f3n de vinos mendocinos, de las cuales 21 se dieron con entradas agotadas, 20 se brindaron de forma libre y gratuita y 45 fueron mediante el canje solidario de pases.<\/p>\n\n\n\n<p>Esta edici\u00f3n se dedic\u00f3 al cent\u00e9simo aniversario de la muerte de Giacomo Puccini y los 430 a\u00f1os del fallecimiento de Giovanni Pierluigi da Palestrina.<\/p>\n\n\n\n<p>Los mayores aforos que se completaron fueron el\u00a0<strong>Teatro Independencia<\/strong>\u00a0-con los conciertos de dos eximios pianistas, la mendocina Dora De Marinis y el joven talentos\u00edsimo Horacio Lavandera- y el\u00a0<strong>Espacio Arizu<\/strong>\u00a0de Godoy Cruz, teniendo 600 localidades disponibles cada uno.<\/p>\n\n\n\n<p>De los espacios que abrieron sus puertas al ciclo, hubo<strong>\u00a027 bodegas participantes y 38 sitios culturales<\/strong>\u00a0o patrimoniales de Mendoza.<\/p>\n\n\n\n<p>Por primera vez, las provincias de\u00a0<strong>San Juan y San Luis se sumaron al festival M\u00fasica Cl\u00e1sica por los Caminos del Vino.<\/strong>\u00a0La Casa del Poeta, en Merlo (San Luis), se prest\u00f3 para la actuaci\u00f3n del Tr\u00edo Agitato, y en la c\u00e9lebre Bodega Graffigna de San Juan se present\u00f3 el celebrado grupo mendocino Violetta Club. Ambos conciertos se llevaron a cabo con entradas agotadas.<\/p>\n\n\n\n<p><strong>Fuente: www.diariouno.com.ar<\/strong><\/p>\n","protected":false},"excerpt":{"rendered":"<p>Con la actuaci\u00f3n del pianista Horacio Lavandera, invitado de honor al festival, este martes concluy\u00f3 la edici\u00f3n 23 de\u00a0M\u00fasica Cl\u00e1sica por los Caminos del Vino\u00a0que durante Semana Santa ofreci\u00f3 65 conciertos en bodegas y sitios patrimoniales de la provincia y que por primera vez se extendi\u00f3 a San Juan y San Luis. Asistieron m\u00e1s de [&hellip;]<\/p>\n","protected":false},"author":2,"featured_media":6512,"comment_status":"open","ping_status":"open","sticky":false,"template":"","format":"standard","meta":[],"categories":[50],"tags":[],"_links":{"self":[{"href":"https:\/\/pasaenmendoza.com\/index.php?rest_route=\/wp\/v2\/posts\/6511"}],"collection":[{"href":"https:\/\/pasaenmendoza.com\/index.php?rest_route=\/wp\/v2\/posts"}],"about":[{"href":"https:\/\/pasaenmendoza.com\/index.php?rest_route=\/wp\/v2\/types\/post"}],"author":[{"embeddable":true,"href":"https:\/\/pasaenmendoza.com\/index.php?rest_route=\/wp\/v2\/users\/2"}],"replies":[{"embeddable":true,"href":"https:\/\/pasaenmendoza.com\/index.php?rest_route=%2Fwp%2Fv2%2Fcomments&post=6511"}],"version-history":[{"count":1,"href":"https:\/\/pasaenmendoza.com\/index.php?rest_route=\/wp\/v2\/posts\/6511\/revisions"}],"predecessor-version":[{"id":6513,"href":"https:\/\/pasaenmendoza.com\/index.php?rest_route=\/wp\/v2\/posts\/6511\/revisions\/6513"}],"wp:featuredmedia":[{"embeddable":true,"href":"https:\/\/pasaenmendoza.com\/index.php?rest_route=\/wp\/v2\/media\/6512"}],"wp:attachment":[{"href":"https:\/\/pasaenmendoza.com\/index.php?rest_route=%2Fwp%2Fv2%2Fmedia&parent=6511"}],"wp:term":[{"taxonomy":"category","embeddable":true,"href":"https:\/\/pasaenmendoza.com\/index.php?rest_route=%2Fwp%2Fv2%2Fcategories&post=6511"},{"taxonomy":"post_tag","embeddable":true,"href":"https:\/\/pasaenmendoza.com\/index.php?rest_route=%2Fwp%2Fv2%2Ftags&post=6511"}],"curies":[{"name":"wp","href":"https:\/\/api.w.org\/{rel}","templated":true}]}}