{"id":6514,"date":"2024-04-04T00:41:09","date_gmt":"2024-04-03T22:41:09","guid":{"rendered":"https:\/\/pasaenmendoza.com\/?p=6514"},"modified":"2024-04-04T00:41:46","modified_gmt":"2024-04-03T22:41:46","slug":"segun-el-titular-de-almaceneros-crecieron-las-ventas-en-marzo-pero-se-venden-mas-las-segundas-marcas","status":"publish","type":"post","link":"https:\/\/pasaenmendoza.com\/?p=6514","title":{"rendered":"Seg\u00fan el titular de Almaceneros, crecieron las ventas en marzo pero se venden m\u00e1s las segundas marcas"},"content":{"rendered":"\n<p>El titular de la\u00a0<strong>Federaci\u00f3n de Almaceneros de la Rep\u00fablica Argentina<\/strong>, Fernando Savore, manifest\u00f3 que, a diferencia de los meses de diciembre del 2023, enero y febrero del 2024,<strong><a rel=\"noreferrer noopener\" href=\"https:\/\/www.diariouno.com.ar\/tags\/ventas-minoristas\" target=\"_blank\">\u00a0<\/a>marzo fue un buen mes para los negocios minoristas, de barrio, o &#8220;de proximidad&#8221;.<\/strong><\/p>\n\n\n\n<p>Esto, seg\u00fan manifest\u00f3, tiene dos causas:&nbsp;<strong>la primera es que son cada vez menos los compradores que realizan un pedido mensual<\/strong>&nbsp;en un s\u00faper e hipermercado, por lo que hay que invertir en una compra de ese volumen. Y&nbsp;<strong>por otra parte, se relaciona con que en los negocios chicos se consiguen segundas y terceras marcas<\/strong>, que no est\u00e1n disponibles en los supermercados.<\/p>\n\n\n\n<h2 class=\"wp-block-heading\">Los clientes y los almaceneros eligen segundas marcas<\/h2>\n\n\n\n<p>Lo que explic\u00f3 Savore es que, as\u00ed como el cliente elige un producto pyme -o de segunda marca- para reemplazar a los de las marcas m\u00e1s conocidas,&nbsp;<strong>los negocios de barrio optan por comprarle a una pyme sus productos por el mismo motivo<\/strong>.<\/p>\n\n\n\n<p><strong>&#8220;Nosotros al pan lactal &#8216;del osito&#8217; lo tenemos que vender en $ 3.800 y un pan lactal de una marca pyme lo cobramos $1.400&#8221;<\/strong><\/p>\n\n\n\n<p>Por otra parte, destac\u00f3 que&nbsp;<strong>la calidad de los productos pymes es muy buena<\/strong>, y que la familia argentina que no tiene grandes problemas econ\u00f3micos puede continuar con sus marcas tradicionales, pero la que se tuvo que ajustar lo piensa m\u00e1s de una vez.<\/p>\n\n\n\n<p>&#8220;<strong>La gente prueba los productos de segundas o terceras marcas que son de muy buena calidad<\/strong>&nbsp;<strong>y los vuelve a llevar&#8221;.<\/strong><\/p>\n\n\n\n<p>En este sentido, agreg\u00f3 que los&nbsp;<strong>reemplazos de primeras marcas se est\u00e1n realizando en todo tipo de productos, panificados, l\u00e1cteos, fideos y legumbres.<\/strong><\/p>\n\n\n\n<p>&#8220;Las marcas pymes van ganando espacio en nuestros locales, porque uno trata de construir su negocio en funci\u00f3n de la demanda del cliente&#8221;, consider\u00f3 Savore.<\/p>\n\n\n\n<h2 class=\"wp-block-heading\">Por qu\u00e9 no se consiguen segundas marcas en los hipermercados<\/h2>\n\n\n\n<p>A todos los compradores nos ha pasado alguna vez: vamos al supermercado y tenemos que llevar &#8220;lo que hay&#8221;, ya que cada vez existe menos variedad de marcas.<\/p>\n\n\n\n<p><strong>El motivo por el cual no se encuentran marcas pymes en los supermercados, para Savore, tiene un motivo muy claro.<\/strong><\/p>\n\n\n\n<p><strong>Los s\u00faper e hipermercados pagan a 60 d\u00edas a sus proveedores. Las pymes no pueden esperar ese tiempo para cobrar, entonces prefieren vendernos a los que tenemos negocios chicos, que les pagamos al contado<\/strong>.<\/p>\n\n\n\n<p>En reemplazo de esas marcas pymes, en los grandes negocios se consiguen productos de marca propia.<\/p>\n\n\n\n<p>Seg\u00fan un informe de la&nbsp;<strong>consultora Nielsen IQ, publicado por Noticias Argentinas,<\/strong>&nbsp;las&nbsp;<strong>ventas de las marcas propias en s\u00faper e hipermercados &#8220;se fortalecen&nbsp;<\/strong>con un desempe\u00f1o mejor que el promedio de todas las familias de productos, excepto las bebidas (que cayeron un 39%).<\/p>\n\n\n\n<p>Los mayores saltos en el consumo de esas marcas propias se dieron en&nbsp;<strong>alimentos (29,4% en el bimestre diciembre-enero 2024), y cosm\u00e9tica y tocador (25,9%)&#8221;.<\/strong><\/p>\n\n\n\n<h2 class=\"wp-block-heading\">M\u00e1s compras en los negocios de proximidad<\/h2>\n\n\n\n<p>Si bien ir a hacer una compra a un hipermercado o distribuidora de productos podr\u00eda salir m\u00e1s barata a largo plazo, muchos consumidores optan por&nbsp;<strong>comprar &#8220;la comida del d\u00eda&#8221;, por falta de presupuesto<\/strong>.<\/p>\n\n\n\n<p>Esto provoc\u00f3 una<strong>&nbsp;mejora en las ventas en negocios minoristas en marzo<\/strong>, con respecto a los meses de diciembre, enero y febrero.<\/p>\n\n\n\n<p>Tal y como lo expres\u00f3 el titular de la Federaci\u00f3n de Almaceneros, tiene que ver con&nbsp;<strong>lo ajustado que est\u00e1 el bolsillo de los clientes<\/strong>.<\/p>\n\n\n\n<p>&#8220;Los consumidores&nbsp;<strong>raramente puedan hacer frente a una compra de $300.000 en un hipermercado<\/strong>, por esto eligen comprar en los negocios del barrio&#8221;, coment\u00f3.<\/p>\n\n\n\n<p><strong>Fuente: www.diariouno.com.ar<\/strong><\/p>\n","protected":false},"excerpt":{"rendered":"<p>El titular de la\u00a0Federaci\u00f3n de Almaceneros de la Rep\u00fablica Argentina, Fernando Savore, manifest\u00f3 que, a diferencia de los meses de diciembre del 2023, enero y febrero del 2024,\u00a0marzo fue un buen mes para los negocios minoristas, de barrio, o &#8220;de proximidad&#8221;. Esto, seg\u00fan manifest\u00f3, tiene dos causas:&nbsp;la primera es que son cada vez menos los [&hellip;]<\/p>\n","protected":false},"author":2,"featured_media":6515,"comment_status":"open","ping_status":"open","sticky":false,"template":"","format":"standard","meta":[],"categories":[75],"tags":[],"_links":{"self":[{"href":"https:\/\/pasaenmendoza.com\/index.php?rest_route=\/wp\/v2\/posts\/6514"}],"collection":[{"href":"https:\/\/pasaenmendoza.com\/index.php?rest_route=\/wp\/v2\/posts"}],"about":[{"href":"https:\/\/pasaenmendoza.com\/index.php?rest_route=\/wp\/v2\/types\/post"}],"author":[{"embeddable":true,"href":"https:\/\/pasaenmendoza.com\/index.php?rest_route=\/wp\/v2\/users\/2"}],"replies":[{"embeddable":true,"href":"https:\/\/pasaenmendoza.com\/index.php?rest_route=%2Fwp%2Fv2%2Fcomments&post=6514"}],"version-history":[{"count":2,"href":"https:\/\/pasaenmendoza.com\/index.php?rest_route=\/wp\/v2\/posts\/6514\/revisions"}],"predecessor-version":[{"id":6517,"href":"https:\/\/pasaenmendoza.com\/index.php?rest_route=\/wp\/v2\/posts\/6514\/revisions\/6517"}],"wp:featuredmedia":[{"embeddable":true,"href":"https:\/\/pasaenmendoza.com\/index.php?rest_route=\/wp\/v2\/media\/6515"}],"wp:attachment":[{"href":"https:\/\/pasaenmendoza.com\/index.php?rest_route=%2Fwp%2Fv2%2Fmedia&parent=6514"}],"wp:term":[{"taxonomy":"category","embeddable":true,"href":"https:\/\/pasaenmendoza.com\/index.php?rest_route=%2Fwp%2Fv2%2Fcategories&post=6514"},{"taxonomy":"post_tag","embeddable":true,"href":"https:\/\/pasaenmendoza.com\/index.php?rest_route=%2Fwp%2Fv2%2Ftags&post=6514"}],"curies":[{"name":"wp","href":"https:\/\/api.w.org\/{rel}","templated":true}]}}