{"id":6521,"date":"2024-04-04T01:04:49","date_gmt":"2024-04-03T23:04:49","guid":{"rendered":"https:\/\/pasaenmendoza.com\/?p=6521"},"modified":"2024-04-04T01:05:53","modified_gmt":"2024-04-03T23:05:53","slug":"vacuna-antigripal-mendoza-recibio-algunas-dosis-con-un-fuerte-incremento","status":"publish","type":"post","link":"https:\/\/pasaenmendoza.com\/?p=6521","title":{"rendered":"Vacuna antigripal: Mendoza recibi\u00f3 algunas dosis, con un fuerte incremento"},"content":{"rendered":"\n<p>Con muy buena respuesta,&nbsp;<strong>Mendoza<\/strong>&nbsp;arranc\u00f3 la&nbsp;<mark>campa\u00f1a de vacunaci\u00f3n antigripal,&nbsp;<\/mark>destinada para los&nbsp;<strong>grupos de riesgo<\/strong>. La finalidad es evitar las hospitalizaciones y bajar la mortalidad por influenza.<\/p>\n\n\n\n<p>Los mayores de 65 y m\u00e1s a\u00f1os, las personas de 2 a 64 a\u00f1os con factores de riesgo, junto con el personal de salud, los ni\u00f1os de 6 a 24 meses y las personas gestantes forman parte de este grupo y&nbsp;<mark>acceden a las dosis de manera gratuita.<\/mark><\/p>\n\n\n\n<p><mark>El resto de la poblaci\u00f3n puede adquirir las dosis de manera particular<\/mark>, compr\u00e1ndolas en una farmacia o en droguer\u00edas.&nbsp;<mark>El costo de las vacunas ronda los 30 mil pesos,<\/mark>&nbsp;es decir, un 233% m\u00e1s que en el 2023, cuyo valor era de 9 mil pesos.<\/p>\n\n\n\n<p>De acuerdo con \u00a0<strong>Mario Valestra<\/strong>, titular del Colegio Farmac\u00e9utico de Mendoza, \u201cpor el momento han llegado varias dosis de una marca determinada de la vacuna, se estima que lleguen de otras con precios m\u00e1s accesibles\u201d.<\/p>\n\n\n\n<p>Tal como ha ocurrido en otras oportunidades, las principales&nbsp;<strong>obras sociales y prepagas&nbsp;<\/strong>ya est\u00e1n alertando a sus afiliados sobre la vacunaci\u00f3n, incluso, les recuerdan que la&nbsp;<mark>cobertura es del 40% y hasta el 50%, dependiendo de la prestadora.<\/mark><\/p>\n\n\n\n<p>La&nbsp;<strong>vacuna antigripal<\/strong>&nbsp;no requiere de orden m\u00e9dica y&nbsp;<mark>se puede aplicar junto con cualquier otra vacuna<\/mark>, es decir, que se contin\u00faa la estrategia de vacunaci\u00f3n contra el COVID-19 para todas las personas de 6 meses en adelante.<\/p>\n\n\n\n<h2 class=\"wp-block-heading\" id=\"h-que-pasa-con-las-dosis-para-el-pami\">Qu\u00e9 pasa con las dosis para el PAMI<\/h2>\n\n\n\n<p>Por estos d\u00edas&nbsp;<mark>tambi\u00e9n est\u00e1 previsto el inicio de campa\u00f1a contra la gripe y neumon\u00eda para los afiliados de&nbsp;<strong>PAMI.<\/strong><\/mark><\/p>\n\n\n\n<p>Si bien las dosis ya deber\u00edan haber llegado a la provincia, se desconoce el motivo del retraso. Las autoridades de la delegaci\u00f3n local indicaron a este medio que&nbsp;<em>\u201cesta semana es muy factible que los adultos comiencen con su inmunizaci\u00f3n, de acuerdo con el cronograma establecido por Naci\u00f3n\u201d.<\/em><\/p>\n\n\n\n<p>La vacunaci\u00f3n, tal como para los grupos de riesgo,&nbsp;<mark>ser\u00e1 gratuita&nbsp;<\/mark>y los afiliados se podr\u00e1n colocar la dosis en cualquier farmacias adheridas a la Red PAMI.<\/p>\n\n\n\n<p>Para ello, los mayores de 65 a\u00f1os deber\u00e1n presentarse con el Documento Nacional de Identidad (DNI) y la credencial del PAMI.<\/p>\n\n\n\n<p><strong>Fuente: www.elsol.com.ar<\/strong><\/p>\n","protected":false},"excerpt":{"rendered":"<p>Con muy buena respuesta,&nbsp;Mendoza&nbsp;arranc\u00f3 la&nbsp;campa\u00f1a de vacunaci\u00f3n antigripal,&nbsp;destinada para los&nbsp;grupos de riesgo. La finalidad es evitar las hospitalizaciones y bajar la mortalidad por influenza. Los mayores de 65 y m\u00e1s a\u00f1os, las personas de 2 a 64 a\u00f1os con factores de riesgo, junto con el personal de salud, los ni\u00f1os de 6 a 24 meses [&hellip;]<\/p>\n","protected":false},"author":2,"featured_media":6522,"comment_status":"open","ping_status":"open","sticky":false,"template":"","format":"standard","meta":[],"categories":[58],"tags":[],"_links":{"self":[{"href":"https:\/\/pasaenmendoza.com\/index.php?rest_route=\/wp\/v2\/posts\/6521"}],"collection":[{"href":"https:\/\/pasaenmendoza.com\/index.php?rest_route=\/wp\/v2\/posts"}],"about":[{"href":"https:\/\/pasaenmendoza.com\/index.php?rest_route=\/wp\/v2\/types\/post"}],"author":[{"embeddable":true,"href":"https:\/\/pasaenmendoza.com\/index.php?rest_route=\/wp\/v2\/users\/2"}],"replies":[{"embeddable":true,"href":"https:\/\/pasaenmendoza.com\/index.php?rest_route=%2Fwp%2Fv2%2Fcomments&post=6521"}],"version-history":[{"count":2,"href":"https:\/\/pasaenmendoza.com\/index.php?rest_route=\/wp\/v2\/posts\/6521\/revisions"}],"predecessor-version":[{"id":6524,"href":"https:\/\/pasaenmendoza.com\/index.php?rest_route=\/wp\/v2\/posts\/6521\/revisions\/6524"}],"wp:featuredmedia":[{"embeddable":true,"href":"https:\/\/pasaenmendoza.com\/index.php?rest_route=\/wp\/v2\/media\/6522"}],"wp:attachment":[{"href":"https:\/\/pasaenmendoza.com\/index.php?rest_route=%2Fwp%2Fv2%2Fmedia&parent=6521"}],"wp:term":[{"taxonomy":"category","embeddable":true,"href":"https:\/\/pasaenmendoza.com\/index.php?rest_route=%2Fwp%2Fv2%2Fcategories&post=6521"},{"taxonomy":"post_tag","embeddable":true,"href":"https:\/\/pasaenmendoza.com\/index.php?rest_route=%2Fwp%2Fv2%2Ftags&post=6521"}],"curies":[{"name":"wp","href":"https:\/\/api.w.org\/{rel}","templated":true}]}}