{"id":6528,"date":"2024-04-04T14:21:55","date_gmt":"2024-04-04T12:21:55","guid":{"rendered":"https:\/\/pasaenmendoza.com\/?p=6528"},"modified":"2024-04-04T14:21:56","modified_gmt":"2024-04-04T12:21:56","slug":"la-guerra-de-bandas-narco-en-el-oeste-de-godoy-cruz-detuvieron-al-perita","status":"publish","type":"post","link":"https:\/\/pasaenmendoza.com\/?p=6528","title":{"rendered":"La guerra de bandas narco en el oeste de Godoy Cruz: detuvieron al Perita"},"content":{"rendered":"\n<p>Efectivos de&nbsp;<strong>Investigaciones&nbsp;<\/strong>detuvieron la tarde de este mi\u00e9rcoles en el oeste de Godoy Cruz a&nbsp;<strong>Pablo Andr\u00e9s Luca Vargas&nbsp;<\/strong>(35), el familiar de la jefa narco condenada Sandra Jaquelina Vargas (47) conocido como&nbsp;<em><strong>Perita<\/strong><\/em>, con pasado carcelario y sobre quien pesaban<a href=\"https:\/\/www.elsol.com.ar\/policiales\/sitiaron-los-barrios-del-oeste-de-godoy-cruz-en-busqueda-de-narcos-armas-y-drogas\/\" target=\"_blank\" rel=\"noreferrer noopener\">&nbsp;<mark>cuatro pedidos de captura por intentos de homicidio<\/mark><\/a><mark>&nbsp;y abuso de armas ocurridos en los \u00faltimos meses en medio de la creciente guerra narco.<\/mark><\/p>\n\n\n\n<p>El \u00faltimo hecho ocurri\u00f3 el viernes por la noche en el interior del asentamiento\u00a0<strong>Campo Papa<\/strong>, sobre calle Salvador Arias, entre R\u00edo Salado y Los Puntanos y tuvo como v\u00edctima a\u00a0<strong>Juan Carlos P\u00e1ez<\/strong>, un joven de 26 a\u00f1os con quien manten\u00eda conflictos desde hace a\u00f1os y recibi\u00f3 tres balazos en diferentes partes del cuerpo.<\/p>\n\n\n\n<p>De acuerdo con informaci\u00f3n a la que accedi\u00f3\u00a0<em><strong>El Sol<\/strong><\/em>, el\u00a0<em>Perita\u00a0<\/em>fue detectado en el barrio\u00a0<strong>Covitedyc\u00a0<\/strong>pasadas las 18.30 y luego procedieron a su captura. Luca Vargas fue trasladado a una comisar\u00eda cercana y qued\u00f3 a disposici\u00f3n del fiscal de Homicidios\u00a0<strong>Gustavo Pirrello<\/strong>, quien est\u00e1 a cargo de las instrucciones por los hechos ocurridos en la zona desde fines de diciembre hasta mediados de marzo y lo imputar\u00e1 durante este jueves. Luego ordenar\u00e1 su traslado al penal.<\/p>\n\n\n\n<p><strong>Luca Vargas,&nbsp;<\/strong>quien dej\u00f3 la c\u00e1rcel en el 2022<strong>,&nbsp;<\/strong>est\u00e1 sospechado de diversos tiroteos y de atacar a balazos con su novia, una joven que fue apresada durante los allanamientos masivos que se ordenaron en el popular asentamiento durante la madrugada y la ma\u00f1ana del martes 12 de marzo, a dos hermanos en el barrio Los Para\u00edsos.<\/p>\n\n\n\n<p>Horas despu\u00e9s de esos hechos, el \u00fanico hijo de var\u00f3n de la\u00a0<em>Yaqui\u00a0<\/em>Vargas,\u00a0<strong>Mauro Jes\u00fas Gelvez<\/strong>, tambi\u00e9n result\u00f3 herido de bala mientras se movilizaba en una moto por el sector. Salv\u00f3 su vida pero estuvo varios d\u00edas internado en el Hospital Central.<\/p>\n\n\n\n<p>Lo cierto es que, de acuerdo con los testigos,\u00a0<mark>P\u00e1ez caminaba con su madre y su pareja por la manzana C cuando el\u00a0<em>Perita\u00a0<\/em>comenz\u00f3 a dispararle<\/mark>. El joven fue llevado de urgencia al Hospital del Carmen y luego trasladado al Lagomaggiore. Diagnosticaron que presentaba lesiones en el abdomen, muslo derecho y tambi\u00e9n en una mano.<\/p>\n\n\n\n<p><strong>Fuente: www.elsol.com.ar<\/strong><\/p>\n","protected":false},"excerpt":{"rendered":"<p>Efectivos de&nbsp;Investigaciones&nbsp;detuvieron la tarde de este mi\u00e9rcoles en el oeste de Godoy Cruz a&nbsp;Pablo Andr\u00e9s Luca Vargas&nbsp;(35), el familiar de la jefa narco condenada Sandra Jaquelina Vargas (47) conocido como&nbsp;Perita, con pasado carcelario y sobre quien pesaban&nbsp;cuatro pedidos de captura por intentos de homicidio&nbsp;y abuso de armas ocurridos en los \u00faltimos meses en medio de [&hellip;]<\/p>\n","protected":false},"author":2,"featured_media":6529,"comment_status":"open","ping_status":"open","sticky":false,"template":"","format":"standard","meta":[],"categories":[48],"tags":[],"_links":{"self":[{"href":"https:\/\/pasaenmendoza.com\/index.php?rest_route=\/wp\/v2\/posts\/6528"}],"collection":[{"href":"https:\/\/pasaenmendoza.com\/index.php?rest_route=\/wp\/v2\/posts"}],"about":[{"href":"https:\/\/pasaenmendoza.com\/index.php?rest_route=\/wp\/v2\/types\/post"}],"author":[{"embeddable":true,"href":"https:\/\/pasaenmendoza.com\/index.php?rest_route=\/wp\/v2\/users\/2"}],"replies":[{"embeddable":true,"href":"https:\/\/pasaenmendoza.com\/index.php?rest_route=%2Fwp%2Fv2%2Fcomments&post=6528"}],"version-history":[{"count":1,"href":"https:\/\/pasaenmendoza.com\/index.php?rest_route=\/wp\/v2\/posts\/6528\/revisions"}],"predecessor-version":[{"id":6530,"href":"https:\/\/pasaenmendoza.com\/index.php?rest_route=\/wp\/v2\/posts\/6528\/revisions\/6530"}],"wp:featuredmedia":[{"embeddable":true,"href":"https:\/\/pasaenmendoza.com\/index.php?rest_route=\/wp\/v2\/media\/6529"}],"wp:attachment":[{"href":"https:\/\/pasaenmendoza.com\/index.php?rest_route=%2Fwp%2Fv2%2Fmedia&parent=6528"}],"wp:term":[{"taxonomy":"category","embeddable":true,"href":"https:\/\/pasaenmendoza.com\/index.php?rest_route=%2Fwp%2Fv2%2Fcategories&post=6528"},{"taxonomy":"post_tag","embeddable":true,"href":"https:\/\/pasaenmendoza.com\/index.php?rest_route=%2Fwp%2Fv2%2Ftags&post=6528"}],"curies":[{"name":"wp","href":"https:\/\/api.w.org\/{rel}","templated":true}]}}