{"id":653,"date":"2023-08-11T15:41:17","date_gmt":"2023-08-11T13:41:17","guid":{"rendered":"https:\/\/pasaenmendoza.com\/?p=653"},"modified":"2023-08-11T15:41:18","modified_gmt":"2023-08-11T13:41:18","slug":"toma-de-rehenes-y-robo-a-una-familia-en-un-exclusivo-barrio-privado-de-chacras","status":"publish","type":"post","link":"https:\/\/pasaenmendoza.com\/?p=653","title":{"rendered":"Toma de rehenes y robo a una familia en un exclusivo barrio privado de Chacras"},"content":{"rendered":"\n<p>La inseguridad se meti\u00f3 a un barrio privado este jueves, cuando una\u00a0<strong>banda de asaltantes ingres\u00f3 a una vivienda y mantuvo cautiva a una familia.\u00a0<\/strong><\/p>\n\n\n\n<p>Seg\u00fan inform\u00f3\u00a0<em>El Sol<\/em>, el hecho sucedi\u00f3<strong>\u00a0en el barrio cerrado El Rinc\u00f3n de Chacras<\/strong>, en la noche de este jueves. Los asaltantes ingresaron, mantuvieron a la familia cautiva, les robaron y huyeron.<\/p>\n\n\n\n<p>Fuentes policiales relataron que todo sucedi\u00f3 minutos antes de las 21:45 en el complejo ubicado en la calle Besares al 860, cuando al menos\u00a0<strong>tres delincuentes armados\u00a0<\/strong>sorprendi\u00f3 a una familia y les exigieron entregar dinero y joyas.\u00a0<\/p>\n\n\n\n<p>Un vecino que vio movimientos extra\u00f1os en la vivienda donde ingresaron los asaltantes dio aviso a la polic\u00eda y, en un principio,\u00a0<strong>se trabaj\u00f3 como una toma de rehenes<\/strong>, ya que los asaltantes mantuvieron a la familia cautiva mientras registraban el domicilio en busca de dinero en efectivo y objetos de valor. Sin embargo,\u00a0<strong>la banda logr\u00f3 escapar antes de la llegada de las autoridades.<\/strong><\/p>\n\n\n\n<p>La r\u00e1pida acci\u00f3n de la polic\u00eda permiti\u00f3 que el per\u00edmetro fuera cercado y\u00a0<strong>se desplegara un operativo cerrojo<\/strong>\u00a0en las inmediaciones, con la sospecha de que los delincuentes a\u00fan podr\u00edan estar en las zonas aleda\u00f1as. El\u00a0<strong>uso de drones y el apoyo del cuerpo de Canes<\/strong>\u00a0de la polic\u00eda se sumaron a la estrategia de b\u00fasqueda, en un intento por localizar a los asaltantes, que\u00a0<strong>lograron huir.<\/strong><\/p>\n\n\n\n<p>Tambi\u00e9n se investiga\u00a0<strong>c\u00f3mo los asaltantes lograron ingresar al barrio<\/strong>\u00a0privado, considerando las medidas de seguridad existentes, incluyendo c\u00e1maras de vigilancia.\u00a0<\/p>\n\n\n\n<p><strong>Fuente: www.mendozapost.com<\/strong><\/p>\n","protected":false},"excerpt":{"rendered":"<p>La inseguridad se meti\u00f3 a un barrio privado este jueves, cuando una\u00a0banda de asaltantes ingres\u00f3 a una vivienda y mantuvo cautiva a una familia.\u00a0 Seg\u00fan inform\u00f3\u00a0El Sol, el hecho sucedi\u00f3\u00a0en el barrio cerrado El Rinc\u00f3n de Chacras, en la noche de este jueves. Los asaltantes ingresaron, mantuvieron a la familia cautiva, les robaron y huyeron. [&hellip;]<\/p>\n","protected":false},"author":2,"featured_media":654,"comment_status":"open","ping_status":"open","sticky":false,"template":"","format":"standard","meta":[],"categories":[48],"tags":[],"_links":{"self":[{"href":"https:\/\/pasaenmendoza.com\/index.php?rest_route=\/wp\/v2\/posts\/653"}],"collection":[{"href":"https:\/\/pasaenmendoza.com\/index.php?rest_route=\/wp\/v2\/posts"}],"about":[{"href":"https:\/\/pasaenmendoza.com\/index.php?rest_route=\/wp\/v2\/types\/post"}],"author":[{"embeddable":true,"href":"https:\/\/pasaenmendoza.com\/index.php?rest_route=\/wp\/v2\/users\/2"}],"replies":[{"embeddable":true,"href":"https:\/\/pasaenmendoza.com\/index.php?rest_route=%2Fwp%2Fv2%2Fcomments&post=653"}],"version-history":[{"count":1,"href":"https:\/\/pasaenmendoza.com\/index.php?rest_route=\/wp\/v2\/posts\/653\/revisions"}],"predecessor-version":[{"id":655,"href":"https:\/\/pasaenmendoza.com\/index.php?rest_route=\/wp\/v2\/posts\/653\/revisions\/655"}],"wp:featuredmedia":[{"embeddable":true,"href":"https:\/\/pasaenmendoza.com\/index.php?rest_route=\/wp\/v2\/media\/654"}],"wp:attachment":[{"href":"https:\/\/pasaenmendoza.com\/index.php?rest_route=%2Fwp%2Fv2%2Fmedia&parent=653"}],"wp:term":[{"taxonomy":"category","embeddable":true,"href":"https:\/\/pasaenmendoza.com\/index.php?rest_route=%2Fwp%2Fv2%2Fcategories&post=653"},{"taxonomy":"post_tag","embeddable":true,"href":"https:\/\/pasaenmendoza.com\/index.php?rest_route=%2Fwp%2Fv2%2Ftags&post=653"}],"curies":[{"name":"wp","href":"https:\/\/api.w.org\/{rel}","templated":true}]}}