{"id":6531,"date":"2024-04-04T14:26:52","date_gmt":"2024-04-04T12:26:52","guid":{"rendered":"https:\/\/pasaenmendoza.com\/?p=6531"},"modified":"2024-04-04T14:26:53","modified_gmt":"2024-04-04T12:26:53","slug":"se-trepo-al-techo-de-una-carniceria-robo-reflectores-y-lo-atraparon-mientras-corria","status":"publish","type":"post","link":"https:\/\/pasaenmendoza.com\/?p=6531","title":{"rendered":"Se trep\u00f3 al techo de una carnicer\u00eda, rob\u00f3 reflectores y lo atraparon mientras corr\u00eda"},"content":{"rendered":"\n<p><strong>Un hombre de 34 a\u00f1os fue detenido&nbsp;<\/strong>durante la madrugada de este mi\u00e9rcoles en zona del distrito El Bermejo de Guaymall\u00e9n, luego de subir a los techos de una carnicer\u00eda y robar cuatro reflectores.<\/p>\n\n\n\n<p>La reconstrucci\u00f3n del hecho sostiene que, a las 23 del martes, vecinos llamaron al 911 para denunciar que un&nbsp;<mark>sujeto se encontraba sobre el techo de un trozadero ubicado en la esquina de Mathus Hoyos y Araujo<\/mark>. Dos efectivos de la Comisar\u00eda 57\u00aa fueron hasta la zona y se encontraron con los habitantes del sector, quienes se encontraban en estado de&nbsp;<em>\u201cnerviosismo\u201d.<\/em><\/p>\n\n\n\n<p>Los testigos contaron que un sujeto<em>\u00a0\u201cdelgado, trigue\u00f1o, con barba, pelo y prendas de vestir oscuras\u201d\u00a0<\/em>se subi\u00f3 a un tacho y luego gan\u00f3 las alturas. Los efectivos solicitaron apoyo para realizar un operativo cerrojo pero no encontraron al malviviente en la propiedad.<\/p>\n\n\n\n<p><mark>La llamada policial gener\u00f3 que otros efectivos que realizaban trabajos preventivos en el departamento, precisamente de la Unidad Especial de Patrullaje (UEP)<\/mark>, visualizaron al sospechoso sobre Mathus Hoyos a la altura del camping del Centro Empleados de Comercio (<strong>CEC<\/strong>).<\/p>\n\n\n\n<p>El mismo corr\u00eda por la vereda y le frenaron el paso. Transportaba una mochila azul y la misma fue requisada: en el interior llevaba cuatro reflectores. Debido a esto, qued\u00f3 aprehendido.<\/p>\n\n\n\n<p>Consultado el due\u00f1o de la carnicer\u00eda con raz\u00f3n social\u00a0<strong>Trozadero Bermejo<\/strong>, asegur\u00f3 que su negocio ten\u00eda cinco de esos aparatos y que un empleado le hab\u00eda comunicado que faltaban cuatro, los mismos que fueron hallados en poder del malviviente.<\/p>\n\n\n\n<p><strong>El sujeto fue identificado y ten\u00eda domicilio en el barrio Jorge Newbery de Las Heras.<\/strong><\/p>\n\n\n\n<p><strong>Fuente: www.elsol.com.ar<\/strong><\/p>\n","protected":false},"excerpt":{"rendered":"<p>Un hombre de 34 a\u00f1os fue detenido&nbsp;durante la madrugada de este mi\u00e9rcoles en zona del distrito El Bermejo de Guaymall\u00e9n, luego de subir a los techos de una carnicer\u00eda y robar cuatro reflectores. La reconstrucci\u00f3n del hecho sostiene que, a las 23 del martes, vecinos llamaron al 911 para denunciar que un&nbsp;sujeto se encontraba sobre [&hellip;]<\/p>\n","protected":false},"author":2,"featured_media":6532,"comment_status":"open","ping_status":"open","sticky":false,"template":"","format":"standard","meta":[],"categories":[48],"tags":[],"_links":{"self":[{"href":"https:\/\/pasaenmendoza.com\/index.php?rest_route=\/wp\/v2\/posts\/6531"}],"collection":[{"href":"https:\/\/pasaenmendoza.com\/index.php?rest_route=\/wp\/v2\/posts"}],"about":[{"href":"https:\/\/pasaenmendoza.com\/index.php?rest_route=\/wp\/v2\/types\/post"}],"author":[{"embeddable":true,"href":"https:\/\/pasaenmendoza.com\/index.php?rest_route=\/wp\/v2\/users\/2"}],"replies":[{"embeddable":true,"href":"https:\/\/pasaenmendoza.com\/index.php?rest_route=%2Fwp%2Fv2%2Fcomments&post=6531"}],"version-history":[{"count":1,"href":"https:\/\/pasaenmendoza.com\/index.php?rest_route=\/wp\/v2\/posts\/6531\/revisions"}],"predecessor-version":[{"id":6533,"href":"https:\/\/pasaenmendoza.com\/index.php?rest_route=\/wp\/v2\/posts\/6531\/revisions\/6533"}],"wp:featuredmedia":[{"embeddable":true,"href":"https:\/\/pasaenmendoza.com\/index.php?rest_route=\/wp\/v2\/media\/6532"}],"wp:attachment":[{"href":"https:\/\/pasaenmendoza.com\/index.php?rest_route=%2Fwp%2Fv2%2Fmedia&parent=6531"}],"wp:term":[{"taxonomy":"category","embeddable":true,"href":"https:\/\/pasaenmendoza.com\/index.php?rest_route=%2Fwp%2Fv2%2Fcategories&post=6531"},{"taxonomy":"post_tag","embeddable":true,"href":"https:\/\/pasaenmendoza.com\/index.php?rest_route=%2Fwp%2Fv2%2Ftags&post=6531"}],"curies":[{"name":"wp","href":"https:\/\/api.w.org\/{rel}","templated":true}]}}