{"id":6537,"date":"2024-04-04T18:23:03","date_gmt":"2024-04-04T16:23:03","guid":{"rendered":"https:\/\/pasaenmendoza.com\/?p=6537"},"modified":"2024-04-04T18:23:05","modified_gmt":"2024-04-04T16:23:05","slug":"las-propuestas-y-pedidos-que-lleva-alfredo-cornejo-al-cara-a-cara-con-patricia-bullrich","status":"publish","type":"post","link":"https:\/\/pasaenmendoza.com\/?p=6537","title":{"rendered":"Las propuestas y pedidos que lleva Alfredo Cornejo al cara a cara con Patricia Bullrich"},"content":{"rendered":"\n<p>El gobernador mendocino se reunir\u00e1 esta tarde con la ministra de Seguridad de la Naci\u00f3n. Le presentar\u00e1 una serie de sugerencias de reformas al C\u00f3digo Penal, entre otros planteos.<\/p>\n\n\n\n<p>El gobernador\u00a0<strong>Alfredo Cornejo<\/strong>\u00a0viaj\u00f3 este jueves a la Ciudad de Buenos Aires para tener dos importantes reuniones con integrantes del Gabinete del presidente Javier Milei. Adem\u00e1s del ya anunciada\u00a0cumbre de gobernadores con el ministro del Interior, Guillermo Francos, el mandatario provincial mantendr\u00e1 posteriormente un encuentro con la ministra de Seguridad,\u00a0<strong>Patricia Bullrich<\/strong>, a quien le llevar\u00e1 algunas propuestas y pedidos.<\/p>\n\n\n\n<p>La reuni\u00f3n entre\u00a0<strong>Bullrich\u00a0<\/strong>y\u00a0<strong>Cornejo\u00a0<\/strong>tendr\u00e1 lugar esta tarde a partir de las 15:30 y tambi\u00e9n participar\u00e1 la ministra de Seguridad y Justicia provincial, Mercedes Rus. La intenci\u00f3n de los funcionarios mendocinos es realizar aportes al paquete de leyes en materia de seguridad que est\u00e1 elaborando la ministra nacional y que en las pr\u00f3ximas semanas enviar\u00eda al Congreso.<\/p>\n\n\n\n<p>En los \u00faltimos d\u00edas, el gobernador termin\u00f3 de diagramar una serie de propuestas que incluyen modificaciones al C\u00f3digo Penal. En el armado de esta iniciativa participaron, adem\u00e1s de la ministra Rus, el subsecretario de Justicia, Marcelo D\u2019 Agostino, y el procurador General de la Corte, Alejandro Gull\u00e9.<\/p>\n\n\n\n<p>El inter\u00e9s de&nbsp;<strong>Cornejo&nbsp;<\/strong>en estas reformas radica en que las provincias solo tienen facultades para cambiar sus respectivos c\u00f3digos de procedimientos pero considera que hay cuestiones de fondo del C\u00f3digo Penal que solo puede modificar el Gobierno nacional.<\/p>\n\n\n\n<p>Este mi\u00e9rcoles el gobernador adelant\u00f3 que una de las propuestas que har\u00e1 a\u00a0<strong>Bullrich\u00a0<\/strong>ser\u00e1 modificar la figura de encubrimiento para que tenga una penalidad m\u00e1s alta. El equipo de seguridad provincial ha observado que supuestos delincuentes que son detenidos con bienes u objetos robados alegan que los compraron o que se los regal\u00f3 otra persona y pasan a estar encuadrados como encubridores.<\/p>\n\n\n\n<p>El mandatario provincial entiende que al endurecer la figura penal del encubrimiento los delincuentes no tendr\u00edan un incentivo para ampararse en ella a la hora de ser interrogados por los funcionarios judiciales.<\/p>\n\n\n\n<p>Asimismo,&nbsp;<strong>Cornejo&nbsp;<\/strong>tambi\u00e9n le pedir\u00e1 a&nbsp;<strong>Bullrich&nbsp;<\/strong>reforzar la delegaci\u00f3n mendocina de la Polic\u00eda Federal para que tenga m\u00e1s herramientas para combatir delitos de \u00edndole federal, principalmente el narco-menudeo en la provincia.<\/p>\n\n\n\n<p>Otro de los planteos que llevar\u00e1 Mendoza a este encuentro est\u00e1 relacionado con el uso de la tecnolog\u00eda para cometer delitos. La ministra Rus indic\u00f3 que le pedir\u00e1n a&nbsp;<strong>Bullrich&nbsp;<\/strong>que trabaje junto al Ente Nacional de Comunicaciones (Enacom) o el organismo que eventualmente lo reemplace para bloquear p\u00e1ginas web o tel\u00e9fonos vinculados a estafas u otros hechos delictivos.<\/p>\n\n\n\n<p>\u201cEs importante en este contexto un organismo de las comunicaciones que tenga un poder para exigir a Google y otras grandes compa\u00f1\u00edas inform\u00e1ticas y de telefon\u00eda los bloqueos de p\u00e1ginas y celulares que se utilizan para cometer il\u00edcitos\u201d, manifest\u00f3 la titular del Ministerio de Seguridad y Justicia de Mendoza.<\/p>\n\n\n\n<p>En la misma l\u00ednea, remarc\u00f3 que junto a esta propuesta tambi\u00e9n se incluir\u00e1 una solicitud para avanzar en la implementaci\u00f3n de los inhibidores de se\u00f1al en los pabellones de m\u00e1xima seguridad de los penales mendocinos para evitar que los presos utilicen tel\u00e9fonos celulares para cometer estafas y otros delitos.<\/p>\n\n\n\n<p>FUENTE: MDZonline.<\/p>\n","protected":false},"excerpt":{"rendered":"<p>El gobernador mendocino se reunir\u00e1 esta tarde con la ministra de Seguridad de la Naci\u00f3n. Le presentar\u00e1 una serie de sugerencias de reformas al C\u00f3digo Penal, entre otros planteos. El gobernador\u00a0Alfredo Cornejo\u00a0viaj\u00f3 este jueves a la Ciudad de Buenos Aires para tener dos importantes reuniones con integrantes del Gabinete del presidente Javier Milei. Adem\u00e1s del [&hellip;]<\/p>\n","protected":false},"author":2,"featured_media":6538,"comment_status":"open","ping_status":"open","sticky":true,"template":"","format":"standard","meta":[],"categories":[47],"tags":[],"_links":{"self":[{"href":"https:\/\/pasaenmendoza.com\/index.php?rest_route=\/wp\/v2\/posts\/6537"}],"collection":[{"href":"https:\/\/pasaenmendoza.com\/index.php?rest_route=\/wp\/v2\/posts"}],"about":[{"href":"https:\/\/pasaenmendoza.com\/index.php?rest_route=\/wp\/v2\/types\/post"}],"author":[{"embeddable":true,"href":"https:\/\/pasaenmendoza.com\/index.php?rest_route=\/wp\/v2\/users\/2"}],"replies":[{"embeddable":true,"href":"https:\/\/pasaenmendoza.com\/index.php?rest_route=%2Fwp%2Fv2%2Fcomments&post=6537"}],"version-history":[{"count":1,"href":"https:\/\/pasaenmendoza.com\/index.php?rest_route=\/wp\/v2\/posts\/6537\/revisions"}],"predecessor-version":[{"id":6539,"href":"https:\/\/pasaenmendoza.com\/index.php?rest_route=\/wp\/v2\/posts\/6537\/revisions\/6539"}],"wp:featuredmedia":[{"embeddable":true,"href":"https:\/\/pasaenmendoza.com\/index.php?rest_route=\/wp\/v2\/media\/6538"}],"wp:attachment":[{"href":"https:\/\/pasaenmendoza.com\/index.php?rest_route=%2Fwp%2Fv2%2Fmedia&parent=6537"}],"wp:term":[{"taxonomy":"category","embeddable":true,"href":"https:\/\/pasaenmendoza.com\/index.php?rest_route=%2Fwp%2Fv2%2Fcategories&post=6537"},{"taxonomy":"post_tag","embeddable":true,"href":"https:\/\/pasaenmendoza.com\/index.php?rest_route=%2Fwp%2Fv2%2Ftags&post=6537"}],"curies":[{"name":"wp","href":"https:\/\/api.w.org\/{rel}","templated":true}]}}