{"id":6540,"date":"2024-04-04T18:25:21","date_gmt":"2024-04-04T16:25:21","guid":{"rendered":"https:\/\/pasaenmendoza.com\/?p=6540"},"modified":"2024-04-04T18:25:22","modified_gmt":"2024-04-04T16:25:22","slug":"la-uncuyo-suma-apoyos-para-que-la-educacion-forme-parte-del-pacto-de-mayo","status":"publish","type":"post","link":"https:\/\/pasaenmendoza.com\/?p=6540","title":{"rendered":"La UNCuyo suma apoyos para que la Educaci\u00f3n forme parte del \u201cpacto de Mayo\u201d"},"content":{"rendered":"\n<p>El gobernador Alfredo Cornejo, ministros de la Corte y legisladores, entre otros, firmar\u00e1n un documento para adherir a la propuesta de la rectora Ester S\u00e1nchez.<\/p>\n\n\n\n<p>La Universidad Nacional de Cuyo (<strong>UNCuyo<\/strong>) reclama la inclusi\u00f3n de la\u00a0<strong>Educaci\u00f3n\u00a0<\/strong>en el\u00a0<em>\u201cpacto de Mayo\u201d<\/em>\u00a0convocado por el presidente\u00a0<strong>Javier Milei<\/strong>. En tal sentido, logr\u00f3 el compromiso y la adhesi\u00f3n del gobernador\u00a0<strong>Alfredo Cornejo<\/strong>\u00a0y de referentes de diversas organizaciones que avalan el pedido.<\/p>\n\n\n\n<p>El pasado 13 de marzo, en la primera sesi\u00f3n del a\u00f1o del&nbsp;Consejo Superior&nbsp;de la&nbsp;UNCuyo, la rectora&nbsp;<strong>Esther S\u00e1nchez<\/strong>&nbsp;manifest\u00f3 su preocupaci\u00f3n porque entre los 10 puntos propuestos por Milei no figura la educaci\u00f3n.<\/p>\n\n\n\n<p><em>\u201cEstoy convencida de que la Educaci\u00f3n deber\u00eda esta incluida entre los puntos de ese pacto y ser una prioridad\u201d<\/em>, aclar\u00f3 la rectora en esa oportunidad.<\/p>\n\n\n\n<p>Ahora, S\u00e1nchez ampli\u00f3 la base de apoyo para su propuesta. En tal sentido, este viernes&nbsp;<strong>Cornejo<\/strong>, la vice&nbsp;<strong>Hebe Casado<\/strong>, autoridades de universidades p\u00fablicas y privadas, legisladores,&nbsp;<strong>ex gobernadores<\/strong>, ministros de la Suprema Corte y representantes del Consejo Interreligioso Mendoza, entre otros sectores,&nbsp;<em>\u201csimbolizar\u00e1n la suma de voluntades con la firma de un documento y una foto grupal\u201d<\/em>, resalt\u00f3 un comunicado oficial de la UNCuyo. Ser\u00e1 este viernes, desde las 16.30, en el hall del Rectorado.<\/p>\n\n\n\n<h2 class=\"wp-block-heading\" id=\"h-que-es-el-pacto-de-mayo\">Qu\u00e9 es \u201cel pacto de Mayo\u201d<\/h2>\n\n\n\n<p>Durante su discurso de\u00a0apertura de sesiones\u00a0ordinarias del Congreso, el presidente convoc\u00f3 a gobernadores y dirigentes opositores a\u00a0firmar el\u00a0<em>\u201cpacto del 25 de Mayo\u201d<\/em>. Seg\u00fan explic\u00f3, se trata de un\u00a0<em>\u201cpacto fundacional\u201d<\/em>\u00a0que busca sentar las bases de\u00a0<em>\u201cuna nueva Argentina\u201d.<\/em><\/p>\n\n\n\n<p><em>\u201cQuiero convocar a gobernadores, expresidentes y l\u00edderes de los principales partidos pol\u00edticos a que depongamos nuestros intereses personales y nos encontremos el pr\u00f3ximo 25 de mayo en la ciudad de&nbsp;C\u00f3rdoba, para la firma de un nuevo contrato social, llamado&nbsp;Pacto de Mayo\u201d<\/em>, fue la invitaci\u00f3n que extendi\u00f3&nbsp;Milei en su mensaje.<\/p>\n\n\n\n<p>En cuanto a las razones para celebrar el futuro encuentro del&nbsp;<em>\u201cpacto de Mayo\u201d<\/em><strong><em>&nbsp;<\/em><\/strong>en la capital de C\u00f3rdoba, el Presidente se\u00f1al\u00f3:&nbsp;<em>\u201cEs el lugar fundacional en t\u00e9rminos del conocimiento en la&nbsp;Argentina, por eso es&nbsp;docta\u201d.<\/em><\/p>\n\n\n\n<p>Milei reiter\u00f3 la importancia de la convocatoria esta semana, durante el acto oficial por el D\u00eda de los Veteranos y Ca\u00eddos en la Guerra de Malvinas.<em>&nbsp;\u201cEl primer paso de esta nueva doctrina lo daremos el 25 de mayo en La Docta, donde firmaremos el pacto de Mayo\u201d<\/em>, dijo el jefe de Estado, que invit\u00f3 especialmente&nbsp;<em>\u201cno solo a los miembros del Estado Mayor Conjunto y las Fuerzas Armadas, sino tambi\u00e9n a los veteranos de Malvinas para que sean testigos de la nueva Argentina\u201d.<\/em><\/p>\n\n\n\n<p>Los 10 puntos de la reforma que quiere imponer&nbsp;<strong>Milei&nbsp;<\/strong>son:<\/p>\n\n\n\n<ul>\n<li>Inviolabilidad de la propiedad privada<\/li>\n\n\n\n<li>El equilibrio fiscal innegociable.<\/li>\n\n\n\n<li>La reducci\u00f3n del gasto p\u00fablico a niveles hist\u00f3ricos, en torno al 25% del Producto Bruto Interno.<\/li>\n\n\n\n<li>Una reforma tributaria que reduzca la presi\u00f3n impositiva, simplifique la vida de los argentinos y promueva el comercio.<\/li>\n\n\n\n<li>La rediscusi\u00f3n de la coparticipaci\u00f3n federal de impuestos para terminar para siempre con el modelo extorsivo actual.<\/li>\n\n\n\n<li>Un compromiso de las provincias de avanzar en la explotaci\u00f3n de los recursos naturales del pa\u00eds.<\/li>\n\n\n\n<li>Una reforma laboral moderna que promueva el trabajo formal.<\/li>\n\n\n\n<li>Una reforma previsional que le d\u00e9 sustentabilidad al sistema, respete a quienes aportaron y permita, a quienes prefieran, suscribirse a un sistema privado de jubilaci\u00f3n.<\/li>\n\n\n\n<li>Una reforma pol\u00edtica estructural que modifique el sistema actual y vuelva a alinear los intereses de los representantes y los representados.<\/li>\n\n\n\n<li>La apertura al comercio internacional, de manera que la Argentina vuelva a ser una protagonista del mercado global.<\/li>\n<\/ul>\n\n\n\n<p>FUENTE: Elsol.com.ar <\/p>\n","protected":false},"excerpt":{"rendered":"<p>El gobernador Alfredo Cornejo, ministros de la Corte y legisladores, entre otros, firmar\u00e1n un documento para adherir a la propuesta de la rectora Ester S\u00e1nchez. La Universidad Nacional de Cuyo (UNCuyo) reclama la inclusi\u00f3n de la\u00a0Educaci\u00f3n\u00a0en el\u00a0\u201cpacto de Mayo\u201d\u00a0convocado por el presidente\u00a0Javier Milei. En tal sentido, logr\u00f3 el compromiso y la adhesi\u00f3n del gobernador\u00a0Alfredo Cornejo\u00a0y [&hellip;]<\/p>\n","protected":false},"author":2,"featured_media":6541,"comment_status":"open","ping_status":"open","sticky":true,"template":"","format":"standard","meta":[],"categories":[47],"tags":[],"_links":{"self":[{"href":"https:\/\/pasaenmendoza.com\/index.php?rest_route=\/wp\/v2\/posts\/6540"}],"collection":[{"href":"https:\/\/pasaenmendoza.com\/index.php?rest_route=\/wp\/v2\/posts"}],"about":[{"href":"https:\/\/pasaenmendoza.com\/index.php?rest_route=\/wp\/v2\/types\/post"}],"author":[{"embeddable":true,"href":"https:\/\/pasaenmendoza.com\/index.php?rest_route=\/wp\/v2\/users\/2"}],"replies":[{"embeddable":true,"href":"https:\/\/pasaenmendoza.com\/index.php?rest_route=%2Fwp%2Fv2%2Fcomments&post=6540"}],"version-history":[{"count":1,"href":"https:\/\/pasaenmendoza.com\/index.php?rest_route=\/wp\/v2\/posts\/6540\/revisions"}],"predecessor-version":[{"id":6542,"href":"https:\/\/pasaenmendoza.com\/index.php?rest_route=\/wp\/v2\/posts\/6540\/revisions\/6542"}],"wp:featuredmedia":[{"embeddable":true,"href":"https:\/\/pasaenmendoza.com\/index.php?rest_route=\/wp\/v2\/media\/6541"}],"wp:attachment":[{"href":"https:\/\/pasaenmendoza.com\/index.php?rest_route=%2Fwp%2Fv2%2Fmedia&parent=6540"}],"wp:term":[{"taxonomy":"category","embeddable":true,"href":"https:\/\/pasaenmendoza.com\/index.php?rest_route=%2Fwp%2Fv2%2Fcategories&post=6540"},{"taxonomy":"post_tag","embeddable":true,"href":"https:\/\/pasaenmendoza.com\/index.php?rest_route=%2Fwp%2Fv2%2Ftags&post=6540"}],"curies":[{"name":"wp","href":"https:\/\/api.w.org\/{rel}","templated":true}]}}