{"id":6543,"date":"2024-04-04T18:29:27","date_gmt":"2024-04-04T16:29:27","guid":{"rendered":"https:\/\/pasaenmendoza.com\/?p=6543"},"modified":"2024-04-04T18:29:30","modified_gmt":"2024-04-04T16:29:30","slug":"allanaron-la-municipalidad-de-las-heras-por-la-causa-cooperativa-fantasma","status":"publish","type":"post","link":"https:\/\/pasaenmendoza.com\/?p=6543","title":{"rendered":"Allanaron la Municipalidad de Las Heras por la causa &#8220;cooperativa fantasma&#8221;"},"content":{"rendered":"\n<p>Este jueves, desde las nueve de la ma\u00f1ana, se realiz\u00f3\u00a0<strong>un nuevo allanamiento en la Municipalidad de Las Heras<\/strong>\u00a0por la causa &#8220;<strong>cooperativa fantasma<\/strong>&#8220;, en la que est\u00e1n imputados el exintendente\u00a0Daniel Orozco, parte de su antiguo gabinete y personas cercanas.<\/p>\n\n\n\n<p>El operativo en el edificio municipal se llev\u00f3 adelante con la presencia del fiscal jefe&nbsp;<strong>Alejandro Iturbide<\/strong>; el fiscal de instrucci\u00f3n de la causa,&nbsp;<strong>Juan Tichelli<\/strong>; personal de la Divisi\u00f3n de Delitos Econ\u00f3micos y efectivos de la Polic\u00eda Cient\u00edfica, entre otros.<\/p>\n\n\n\n<p>El operativo incluy\u00f3 inspecciones en\u00a0<strong>distintas dependencias de la comuna, incluida el \u00e1rea de Legales y la Secretar\u00eda de Gobierno\u00a0<\/strong>que ocup\u00f3 durante a\u00f1os\u00a0Janina Ortiz, sobre quien hay un avoque de imputaci\u00f3n que a\u00fan no es notificado. En principio,\u00a0<strong>quer\u00edan verificar parte de las declaraciones de dos testigos<\/strong>.<\/p>\n\n\n\n<p>Entre las partes interesadas que estuvieron presentes en el allanamiento se destacaron la abogada de Ortiz, Elena Quintero, y el apoderado de la Municipalidad, Eduardo de Oro.<\/p>\n\n\n\n<p>La causa &#8220;cooperativa fantasma&#8221; alude a c\u00f3mo un\u00a0<strong>grupo de funcionarios de Las Heras<\/strong>\u00a0y allegados, a trav\u00e9s de la cooperativa &#8220;Manos a la obra&#8221;,<strong>\u00a0se habr\u00edan quedado con casi $40 millones<\/strong>\u00a0de las arcas municipales, a trav\u00e9s de contrataciones y licitaciones irregulares.<\/p>\n\n\n\n<p>Adem\u00e1s de\u00a0<strong>Janina Ortiz<\/strong>, quien debe ser notificada por el fiscal, est\u00e1n imputados por fraude a la administraci\u00f3n p\u00fablica el exintendente\u00a0<strong>Daniel Orozco<\/strong>; el ex subsecretario de Pol\u00edticas Sociales\u00a0<strong>Osvaldo Oyhenart<\/strong>; su yerno y contador contratado por la municipalidad,\u00a0<strong>Juan Pablo Pandolfi<\/strong>; e incluso algunos exfuncionarios que terminaron enemistados con Orozco y Ortiz:\u00a0<strong>Mat\u00edas Mostaccio, Carlos Nofal y Mauro Homan, entre otros<\/strong>.<\/p>\n\n\n\n<p>FUENTE: Mendozapost.<\/p>\n","protected":false},"excerpt":{"rendered":"<p>Este jueves, desde las nueve de la ma\u00f1ana, se realiz\u00f3\u00a0un nuevo allanamiento en la Municipalidad de Las Heras\u00a0por la causa &#8220;cooperativa fantasma&#8220;, en la que est\u00e1n imputados el exintendente\u00a0Daniel Orozco, parte de su antiguo gabinete y personas cercanas. El operativo en el edificio municipal se llev\u00f3 adelante con la presencia del fiscal jefe&nbsp;Alejandro Iturbide; el [&hellip;]<\/p>\n","protected":false},"author":2,"featured_media":6545,"comment_status":"open","ping_status":"open","sticky":true,"template":"","format":"standard","meta":[],"categories":[47],"tags":[],"_links":{"self":[{"href":"https:\/\/pasaenmendoza.com\/index.php?rest_route=\/wp\/v2\/posts\/6543"}],"collection":[{"href":"https:\/\/pasaenmendoza.com\/index.php?rest_route=\/wp\/v2\/posts"}],"about":[{"href":"https:\/\/pasaenmendoza.com\/index.php?rest_route=\/wp\/v2\/types\/post"}],"author":[{"embeddable":true,"href":"https:\/\/pasaenmendoza.com\/index.php?rest_route=\/wp\/v2\/users\/2"}],"replies":[{"embeddable":true,"href":"https:\/\/pasaenmendoza.com\/index.php?rest_route=%2Fwp%2Fv2%2Fcomments&post=6543"}],"version-history":[{"count":1,"href":"https:\/\/pasaenmendoza.com\/index.php?rest_route=\/wp\/v2\/posts\/6543\/revisions"}],"predecessor-version":[{"id":6546,"href":"https:\/\/pasaenmendoza.com\/index.php?rest_route=\/wp\/v2\/posts\/6543\/revisions\/6546"}],"wp:featuredmedia":[{"embeddable":true,"href":"https:\/\/pasaenmendoza.com\/index.php?rest_route=\/wp\/v2\/media\/6545"}],"wp:attachment":[{"href":"https:\/\/pasaenmendoza.com\/index.php?rest_route=%2Fwp%2Fv2%2Fmedia&parent=6543"}],"wp:term":[{"taxonomy":"category","embeddable":true,"href":"https:\/\/pasaenmendoza.com\/index.php?rest_route=%2Fwp%2Fv2%2Fcategories&post=6543"},{"taxonomy":"post_tag","embeddable":true,"href":"https:\/\/pasaenmendoza.com\/index.php?rest_route=%2Fwp%2Fv2%2Ftags&post=6543"}],"curies":[{"name":"wp","href":"https:\/\/api.w.org\/{rel}","templated":true}]}}