{"id":6547,"date":"2024-04-04T18:32:18","date_gmt":"2024-04-04T16:32:18","guid":{"rendered":"https:\/\/pasaenmendoza.com\/?p=6547"},"modified":"2024-04-04T18:32:20","modified_gmt":"2024-04-04T16:32:20","slug":"los-gobernadores-del-pro-y-la-ucr-quieren-acordar-con-milei-pero-hay-tension-y-desconfianza","status":"publish","type":"post","link":"https:\/\/pasaenmendoza.com\/?p=6547","title":{"rendered":"Los gobernadores del PRO y la UCR quieren acordar con Milei, pero hay tensi\u00f3n y desconfianza"},"content":{"rendered":"\n<p>Aunque\u00a0<strong>Juntos por el Cambio<\/strong>\u00a0ya no existe como frente electoral, por obra e intervenci\u00f3n de Javier Milei,\u00a0<strong>los gobernadores del PRO y la UCR siguen manej\u00e1ndose en bloque<\/strong>\u00a0para negociar en mejores condiciones frente a la Casa Rosada e intentar torcer la rigidez presidencial. Este mi\u00e9rcoles acordaron en un zoom\u00a0algunos de los puntos que le plantear\u00e1n al ministro del Interior, Guillermo Francos, que volvi\u00f3 a convocarlos a una reuni\u00f3n para este jueves a partir de las 14.30 en el Sal\u00f3n de los Escudos. Aunque todos expresan voluntad para acordar,\u00a0<strong>el clima nunca es de tranquilidad<\/strong>.<\/p>\n\n\n\n<p>En principio el \u00fanico ausente entre los opositores dialoguistas ser\u00e1\u00a0<strong>Jorge Macri<\/strong>. El jefe de gobierno de la Ciudad de Buenos Aires se adelant\u00f3 y d\u00edas atr\u00e1s\u00a0<strong>se reuni\u00f3 a solas con Francos<\/strong>\u00a0para avanzar en temas generales como la\u00a0<strong>Ley Bases<\/strong>, el\u00a0<strong>Pacto Fiscal<\/strong>, el\u00a0<strong>Pacto de Mayo<\/strong>\u00a0y, en particular, su preocupaci\u00f3n por el cumplimiento del fallo de la Corte que orden\u00f3\u00a0<strong>restituir partidas que recort\u00f3 Alberto Fern\u00e1ndez<\/strong>\u00a0(y que antes hab\u00eda incrementado Mauricio Macri).<\/p>\n\n\n\n<p>El jefe de gobierno de la Ciudad tuvo su bilateral el lunes 25, en el d\u00eda y horario en que se cancel\u00f3 la reuni\u00f3n grupal. Con la excusa de tener liberada su agenda le propuso a Francos pasarlo a visitar.&nbsp;<strong>En ese encuentro acordaron un segundo round entre Macri y quien tiene el poder de definici\u00f3n respecto a la coparticipaci\u00f3n porte\u00f1a, el ministro de Econom\u00eda Luis Caputo<\/strong>.<\/p>\n\n\n\n<p>Esa cita tambi\u00e9n suceder\u00e1 hoy mismo, en paralelo a la reuni\u00f3n de Francos con los mandatarios de Juntos por el Cambio. En Escudos a Macri lo reemplazar\u00e1 su vice,\u00a0<strong>Clara Muzzio<\/strong>, que tambi\u00e9n particip\u00f3 en la previa del zoom de mandatarios opositores, mientras el flamante porte\u00f1o lida con el ministro m\u00e1s dif\u00edcil de convencer.<\/p>\n\n\n\n<h2 class=\"wp-block-heading\">Qui\u00e9n es qui\u00e9n en Juntos por el Cambio<\/h2>\n\n\n\n<p>La disposici\u00f3n, y las preocupaciones, son&nbsp;<strong>compartidas entre radicales y dirigentes del PRO<\/strong>, m\u00e1s all\u00e1 de los matices.&nbsp;<strong>Alfredo Cornejo<\/strong>&nbsp;(Mendoza); Rogelio Frigerio (Entre R\u00edos) y Macri se muestran p\u00fablicamente&nbsp;<strong>a favor del di\u00e1logo y el consenso<\/strong>. Y si bien tambi\u00e9n apoyar\u00edan la Ley Bases y firmar\u00edan el Pacto de Mayo en C\u00f3rdoba, tambi\u00e9n hay luz verde para Marcelo Orrego (San Juan); Claudio Poggi (San Luis); Leandro Zdero (Chaco) y Carlos Sadir (Jujuy), a\u00fan cuando son cuatro gobernadores de bajo perfil y prudentes en sus declaraciones.<\/p>\n\n\n\n<p>M\u00e1s experimentado y con el cuero m\u00e1s curtido en las disputas nacionales el correntino&nbsp;<strong>Gustavo Vald\u00e9s<\/strong>&nbsp;tom\u00f3 el liderazgo de los reclamos que comparte con sus pares del Norte Grande como&nbsp;<strong>los subsidios al transporte, el Fonid que recort\u00f3 Milei para el pago de salarios docentes<\/strong>, entre otros tijeretazos que los obligan a hacer malabares y ajustes en sus presupuestos provinciales. Fue el \u00fanico que falt\u00f3 al encuentro virtual en la tarde de ayer.<\/p>\n\n\n\n<p>De la misma manera que Vald\u00e9s, muestran autonom\u00eda\u00a0<strong>Ignacio Torres<\/strong>\u00a0(Chubut) y\u00a0<strong>Maximiliano Pullaro<\/strong>\u00a0(Santa Fe) que hacen equilibrio entre su disposici\u00f3n a acordar con Naci\u00f3n y las condiciones que exigen como la restituci\u00f3n de partidas. Los fondos para las cajas previsionales son el pedido m\u00e1s urgente de estos d\u00edas y justamente los m\u00e1s afectados son los santafesinos, los correntinos, los chaque\u00f1os, los entrerrianos y los jubilados chubutenses.<\/p>\n\n\n\n<p>FUENTE: Diariouno.com.ar <\/p>\n","protected":false},"excerpt":{"rendered":"<p>Aunque\u00a0Juntos por el Cambio\u00a0ya no existe como frente electoral, por obra e intervenci\u00f3n de Javier Milei,\u00a0los gobernadores del PRO y la UCR siguen manej\u00e1ndose en bloque\u00a0para negociar en mejores condiciones frente a la Casa Rosada e intentar torcer la rigidez presidencial. Este mi\u00e9rcoles acordaron en un zoom\u00a0algunos de los puntos que le plantear\u00e1n al ministro [&hellip;]<\/p>\n","protected":false},"author":2,"featured_media":6548,"comment_status":"open","ping_status":"open","sticky":true,"template":"","format":"standard","meta":[],"categories":[47],"tags":[],"_links":{"self":[{"href":"https:\/\/pasaenmendoza.com\/index.php?rest_route=\/wp\/v2\/posts\/6547"}],"collection":[{"href":"https:\/\/pasaenmendoza.com\/index.php?rest_route=\/wp\/v2\/posts"}],"about":[{"href":"https:\/\/pasaenmendoza.com\/index.php?rest_route=\/wp\/v2\/types\/post"}],"author":[{"embeddable":true,"href":"https:\/\/pasaenmendoza.com\/index.php?rest_route=\/wp\/v2\/users\/2"}],"replies":[{"embeddable":true,"href":"https:\/\/pasaenmendoza.com\/index.php?rest_route=%2Fwp%2Fv2%2Fcomments&post=6547"}],"version-history":[{"count":1,"href":"https:\/\/pasaenmendoza.com\/index.php?rest_route=\/wp\/v2\/posts\/6547\/revisions"}],"predecessor-version":[{"id":6549,"href":"https:\/\/pasaenmendoza.com\/index.php?rest_route=\/wp\/v2\/posts\/6547\/revisions\/6549"}],"wp:featuredmedia":[{"embeddable":true,"href":"https:\/\/pasaenmendoza.com\/index.php?rest_route=\/wp\/v2\/media\/6548"}],"wp:attachment":[{"href":"https:\/\/pasaenmendoza.com\/index.php?rest_route=%2Fwp%2Fv2%2Fmedia&parent=6547"}],"wp:term":[{"taxonomy":"category","embeddable":true,"href":"https:\/\/pasaenmendoza.com\/index.php?rest_route=%2Fwp%2Fv2%2Fcategories&post=6547"},{"taxonomy":"post_tag","embeddable":true,"href":"https:\/\/pasaenmendoza.com\/index.php?rest_route=%2Fwp%2Fv2%2Ftags&post=6547"}],"curies":[{"name":"wp","href":"https:\/\/api.w.org\/{rel}","templated":true}]}}