{"id":6553,"date":"2024-04-04T22:33:11","date_gmt":"2024-04-04T20:33:11","guid":{"rendered":"https:\/\/pasaenmendoza.com\/?p=6553"},"modified":"2024-04-04T22:33:12","modified_gmt":"2024-04-04T20:33:12","slug":"ulpiano-suarez-sumo-a-taxis-y-remises-al-programa-ojos-en-alerta-para-combatir-la-inseguridad","status":"publish","type":"post","link":"https:\/\/pasaenmendoza.com\/?p=6553","title":{"rendered":"Ulpiano Suarez sum\u00f3 a taxis y remises al programa Ojos en Alerta para combatir la inseguridad"},"content":{"rendered":"\n<p>Preocupado por la inseguridad en Ciudad, el intendente<strong>\u00a0Ulpiano Suarez\u00a0sum\u00f3 a los taxistas y remiseros al programa Ojos en Alerta\u00a0<\/strong>para dar aviso al cuerpo de Preventores y a la Polic\u00eda en caso de detectar incidentes o actitudes sospechosas en las calles.<\/p>\n\n\n\n<p><strong>Suarez<\/strong>\u00a0detall\u00f3 que Capital tiene 120.000 habitantes pero que de lunes a s\u00e1bados ingresan m\u00e1s de 400.000 personas entre trabajadores y turistas. Por esta raz\u00f3n, asegur\u00f3<strong>\u00a0que necesitan sumar 700 polic\u00edas para controlar que no se comentan\u00a0delitos en la Ciudad de Mendoza<\/strong>.<\/p>\n\n\n\n<p>Las ciudades deben tener 2,8 efectivos cada mil habitantes, de acuerdo a un estudio de Naciones Unidas. Si se considera el flujo de gente que hay por semana en la Capital de Mendoza, se necesitan aproximadamente 1.200 prestando servicio. Sin embargo, actualmente hay s\u00f3lo 500 agentes trabajando para la Ciudad, incluyendo preventores.<\/p>\n\n\n\n<h2 class=\"wp-block-heading\">El acuerdo que firm\u00f3 Ulpiano Suarez con los taxistas<\/h2>\n\n\n\n<p>Con este fin, el jefe comunal se reuni\u00f3 este jueves con referentes de las agrupaciones del&nbsp;<strong>Sindicato Obreros de Taxis Mendoza<\/strong>,&nbsp;<strong>Asociaci\u00f3n Propietarios de Taxis Mendoza<\/strong>&nbsp;y la&nbsp;<strong>C\u00e1mara Empresaria del T\u00e1x\u00edmetro y Afines<\/strong>&nbsp;para firmar un acuerdo de colaboraci\u00f3n con la idea de fortalecer la seguridad ciudadana en la Capital.<\/p>\n\n\n\n<p>Junto a Suarez estuvieron en el encuentro Roberto Carlos Alba, vicepresidente de Aprotam; Jos\u00e9 Luis Alvado, secretario general de SOTM; y Diego Ra\u00fal V\u00e1zquez, presidente de CETAX. Tambi\u00e9n acompa\u00f1aron Mario Ag\u00fcero, jefe de la Distrital n\u00famero 1; Mario Riili, jefe de la Departamental Capital; el secretario de Seguridad Ciudadana, Horacio Migliozzi; y el coordinador de Participaci\u00f3n Vecinal para la Prevenci\u00f3n, Nazir Zavi.<\/p>\n\n\n\n<p>&#8220;La actividad de los taxistas es para nosotros una gran contribuci\u00f3n porque estas herramientas se nutren de la participaci\u00f3n ciudadana para poder evitar hechos delictivos, para nosotros es muy importante su aporte. La idea es tener una din\u00e1mica de trabajo en conjunto con la Polic\u00eda de Mendoza, porque&nbsp;<strong>la prioridad para nosotros es la prevenci\u00f3n, que el hecho delictivo no se concrete<\/strong>&#8220;, indic\u00f3 el intendente.<\/p>\n\n\n\n<p>El objetivo que persigue este convenio de colaboraci\u00f3n es\u00a0<strong>incorporar y capacitar a los choferes de taxis<\/strong>\u00a0en el uso de la herramienta de prevenci\u00f3n del delito Ojos en Alerta, as\u00ed como tambi\u00e9n sumar su aporte en el intercambio de experiencias a trav\u00e9s del\u00a0<strong>Programa de Participaci\u00f3n Vecinal para la Prevenci\u00f3n<\/strong>.<\/p>\n\n\n\n<p>En este sentido,&nbsp;<strong>alrededor de 1.300 veh\u00edculos de alquiler&nbsp;<\/strong>que circular la Ciudad podr\u00edan ser parte de estos sistemas de prevenci\u00f3n, cifra que involucra a unos&nbsp;<strong>2.000 choferes.<\/strong><\/p>\n\n\n\n<p>&#8220;Es sumamente importante y valioso la firma de este convenio porque nosotros priorizamos la seguridad de nuestros conductores que diariamente est\u00e1n en la Ciudad y todo lo que est\u00e9 vinculado a la seguridad, a la disuasi\u00f3n del delito y a la prevenci\u00f3n nos sumamos. Queremos ser un actor principal y lo que est\u00e9 a nuestro alcance para aportar lo vamos a hacer&#8221;, mencion\u00f3 Diego V\u00e1zquez, referente de CETAX.<\/p>\n\n\n\n<p><strong>Fuente: www.diariouno.com.ar<\/strong><\/p>\n","protected":false},"excerpt":{"rendered":"<p>Preocupado por la inseguridad en Ciudad, el intendente\u00a0Ulpiano Suarez\u00a0sum\u00f3 a los taxistas y remiseros al programa Ojos en Alerta\u00a0para dar aviso al cuerpo de Preventores y a la Polic\u00eda en caso de detectar incidentes o actitudes sospechosas en las calles. Suarez\u00a0detall\u00f3 que Capital tiene 120.000 habitantes pero que de lunes a s\u00e1bados ingresan m\u00e1s de [&hellip;]<\/p>\n","protected":false},"author":2,"featured_media":6554,"comment_status":"open","ping_status":"open","sticky":false,"template":"","format":"standard","meta":[],"categories":[96],"tags":[],"_links":{"self":[{"href":"https:\/\/pasaenmendoza.com\/index.php?rest_route=\/wp\/v2\/posts\/6553"}],"collection":[{"href":"https:\/\/pasaenmendoza.com\/index.php?rest_route=\/wp\/v2\/posts"}],"about":[{"href":"https:\/\/pasaenmendoza.com\/index.php?rest_route=\/wp\/v2\/types\/post"}],"author":[{"embeddable":true,"href":"https:\/\/pasaenmendoza.com\/index.php?rest_route=\/wp\/v2\/users\/2"}],"replies":[{"embeddable":true,"href":"https:\/\/pasaenmendoza.com\/index.php?rest_route=%2Fwp%2Fv2%2Fcomments&post=6553"}],"version-history":[{"count":1,"href":"https:\/\/pasaenmendoza.com\/index.php?rest_route=\/wp\/v2\/posts\/6553\/revisions"}],"predecessor-version":[{"id":6555,"href":"https:\/\/pasaenmendoza.com\/index.php?rest_route=\/wp\/v2\/posts\/6553\/revisions\/6555"}],"wp:featuredmedia":[{"embeddable":true,"href":"https:\/\/pasaenmendoza.com\/index.php?rest_route=\/wp\/v2\/media\/6554"}],"wp:attachment":[{"href":"https:\/\/pasaenmendoza.com\/index.php?rest_route=%2Fwp%2Fv2%2Fmedia&parent=6553"}],"wp:term":[{"taxonomy":"category","embeddable":true,"href":"https:\/\/pasaenmendoza.com\/index.php?rest_route=%2Fwp%2Fv2%2Fcategories&post=6553"},{"taxonomy":"post_tag","embeddable":true,"href":"https:\/\/pasaenmendoza.com\/index.php?rest_route=%2Fwp%2Fv2%2Ftags&post=6553"}],"curies":[{"name":"wp","href":"https:\/\/api.w.org\/{rel}","templated":true}]}}