{"id":6559,"date":"2024-04-04T22:47:50","date_gmt":"2024-04-04T20:47:50","guid":{"rendered":"https:\/\/pasaenmendoza.com\/?p=6559"},"modified":"2024-04-04T22:47:52","modified_gmt":"2024-04-04T20:47:52","slug":"el-tren-de-pasajeros-llego-a-su-fin-en-mendoza-desde-buenos-aires-circulara-solo-hasta-san-luis","status":"publish","type":"post","link":"https:\/\/pasaenmendoza.com\/?p=6559","title":{"rendered":"El tren de pasajeros lleg\u00f3 a su fin en Mendoza: desde Buenos Aires circular\u00e1 s\u00f3lo hasta San Luis"},"content":{"rendered":"\n<p>No dur\u00f3 un a\u00f1o el anhelado viaje del\u00a0tren de pasajeros entre Mendoza, desde la ciudad de Palmira, y Buenos Aires. Por lo menos los dos servicios previstos para abril no cubrir\u00e1n el trayecto hasta nuestra provincia.<\/p>\n\n\n\n<p>Desde Trenes Argentinos informaron que el trayecto hasta nuestra provincia est\u00e1 interrumpido moment\u00e1neamente. Sin embargo, Walter R\u00edos, encargado de Larga Distancia del organismo ferroviario confirm\u00f3:\u00a0<strong>&#8220;Lamento tener que dar la noticia: el tren no va a circular m\u00e1s hasta Mendoza&#8221;.<\/strong><\/p>\n\n\n\n<p>De este modo se apag\u00f3 muy pronto la euforia que se hab\u00eda producido en 2023 cuando despu\u00e9s de 30 a\u00f1os el tren de pasajeros volvi\u00f3 a transitar las v\u00edas entre Buenos Aires y Mendoza con final del viaje en Palmira que por un breve tiempo recuper\u00f3 su hist\u00f3rica actividad ferroviaria.<\/p>\n\n\n\n<h2 class=\"wp-block-heading\">No va m\u00e1s el tren Buenos Aires-Mendoza<\/h2>\n\n\n\n<p><strong>&#8220;El servicio entre Buenos Aires y Palmira se encuentra interrumpido moment\u00e1neamente por cuestiones operativas&#8221;&nbsp;<\/strong>dice, oficialmente, la p\u00e1gina de Trenes Argentinos, aviso que fue colgado en la web este jueves. Sin embargo R\u00edos puso en dudas que se trate de una suspensi\u00f3n &#8220;moment\u00e1nea&#8221;. As\u00ed lo asegur\u00f3 entrevistado por Carina Scandura.<\/p>\n\n\n\n<p>Walter R\u00edos cont\u00f3 que &#8220;lamentablemente confirmo la noticia del final del viaje. El lunes pasado (1 de abril) ya presum\u00edamos que ser\u00eda as\u00ed y no nos quer\u00edamos aventurar a decir algo que la empresa no hab\u00eda dicho&#8221;.<\/p>\n\n\n\n<p>El funcionario de Trenes Argentinos explic\u00f3 que &#8220;lo que est\u00e1n alegando desde el \u00e1rea de infraestructura es que las v\u00edas por las que circula el tren no est\u00e1n aptas para que circule con pasajeros&#8221;.<\/p>\n\n\n\n<p>R\u00edos respondi\u00f3 entonces al interrogante de si hasta marzo las v\u00edas estaban en buenas condiciones:\u00a0<strong>&#8220;Asombrosamente s\u00ed&#8221;,\u00a0<\/strong>dijo con relaci\u00f3n al argumento de que no est\u00e1n aptas.<\/p>\n\n\n\n<p><strong>&#8220;Es evidente que esto tiene que ver con el recorte que est\u00e1 haciendo el gobierno nacional&#8221;,<\/strong>&nbsp;ampli\u00f3.<\/p>\n\n\n\n<p>Vinculado con este concepto el entrevistado tambi\u00e9n opin\u00f3 que es dificultoso que el tren que sale desde Retiro siga operativo en los pr\u00f3ximos meses: &#8220;De hecho la venta \u00fanicamente la tenemos acreditada en todos los servicios de larga distancia s\u00f3lo hasta el 28 de abril&#8221;.<\/p>\n\n\n\n<p>Apesadumbrado Walter afirm\u00f3: &#8220;El tren ya no llega m\u00e1s a Mendoza. Lo digo con una tristeza y un dolor terrible.&nbsp;<strong>En Palmira no tenemos casi personal. Hay dos nom\u00e1s: un mec\u00e1nico y un coordinador general, que se desplazar\u00e1n a Justo Daract&#8221;.<\/strong><\/p>\n\n\n\n<p>Finalmente R\u00edos insisti\u00f3: &#8220;Lamento tener que dar la noticia: el tren no va a circular m\u00e1s hasta Mendoza&#8221;.<\/p>\n\n\n\n<h2 class=\"wp-block-heading\">Qu\u00e9 dice Trenes Argentinos<\/h2>\n\n\n\n<figure class=\"wp-block-image is-resized\"><img decoding=\"async\" loading=\"lazy\" src=\"https:\/\/media.diariouno.com.ar\/p\/4e46a2c9c30ae8b234122d432eb16222\/adjuntos\/298\/imagenes\/009\/316\/0009316813\/1200x0\/smart\/tren-buenos-aires-palmirajpg.jpg\" alt=\"\" width=\"982\" height=\"137\" title=\"\"\/><\/figure>\n\n\n\n<p>En la p\u00e1gina de Trenes Argentinos se habilit\u00f3 este jueves la venta de pasajes del tren que sale de Retiro y que hasta el mes pasado llegaba a Mendoza. Con una cruz dentro de un c\u00edrculo rojo se expresa:&nbsp;<strong>&#8220;El servicio entre Buenos Aires y Palmira se encuentra interrumpido moment\u00e1neamente por cuestiones operativas&#8221;.<\/strong><\/p>\n\n\n\n<p>Seguidamente se detallan los 6 viajes previstos para este mes (3 de ida y 3 de vuelta) con salidas desde Retiro los d\u00edas 12, 19 y 26 de abril, y desde Daract el 14, 21, y 28.<\/p>\n\n\n\n<p>Las estaciones habilitadas desde Retiro son Jos\u00e9 C. Paz, Pilar, Mercedes, Franklin, Rivas, Castilla, Rawson, Chacabuco, O&#8217;Higgins, Jun\u00edn, Alem, Videla, Alberdi, Iriarte, Rufino, Laboulaye, General Levalle y Vicu\u00f1a Mackena.<\/p>\n\n\n\n<p>El costo del pasaje entre Retiro y Palmira, hasta marzo, fue de $17.350 en primera; $20.785 en pullman y $62.420 en camarote. El tiempo estimado del vieja era de m\u00e1s de 28 horas. Curiosamente, pese a lo extenso del traves\u00eda casi no hab\u00eda quejas por este tema ya que muchos de quienes han utilizado el servicio destacaban las bondades de volver a viajar en tren y las comodidades de los coches.<\/p>\n\n\n\n<figure class=\"wp-block-image\"><img decoding=\"async\" src=\"https:\/\/media.diariouno.com.ar\/p\/21c6317d917550fd7adc8a168496ccc7\/adjuntos\/298\/imagenes\/009\/316\/0009316817\/1200x0\/smart\/tren-retiro-justo-daractjpg.jpg\" alt=\"\" title=\"\"\/><\/figure>\n\n\n\n<h2 class=\"wp-block-heading\">Treinta a\u00f1os despu\u00e9s<\/h2>\n\n\n\n<p>En marzo de 2023 el entonces presidente Alberto Fern\u00e1ndez comparti\u00f3 el gobernador Rodolfo Suarez el acto en el que inaugur\u00f3 el regreso del tren de pasajeros Mendoza-Buenos Aires.<\/p>\n\n\n\n<p>Fue una verdadera fiesta popular que se reiter\u00f3 dos meses despu\u00e9s cuando comenzaron los viajes regulares, dos veces al mes, con una gran afluencia de pasajeros que no s\u00f3lo acced\u00edan al servicio para llegar a Retiro, sino a otras localidades intermedias.<\/p>\n\n\n\n<p>El tren hab\u00eda dejado de circular en 1983 y su regreso fue festejado, a pesar de las demoras del viaje y de las escasas frecuencias. Todo eso parece haber llegado a su fin tras un ef\u00edmero retorno.<\/p>\n\n\n\n<p><strong>Fuente: www.diariouno.com.ar<\/strong><\/p>\n","protected":false},"excerpt":{"rendered":"<p>No dur\u00f3 un a\u00f1o el anhelado viaje del\u00a0tren de pasajeros entre Mendoza, desde la ciudad de Palmira, y Buenos Aires. Por lo menos los dos servicios previstos para abril no cubrir\u00e1n el trayecto hasta nuestra provincia. Desde Trenes Argentinos informaron que el trayecto hasta nuestra provincia est\u00e1 interrumpido moment\u00e1neamente. Sin embargo, Walter R\u00edos, encargado de [&hellip;]<\/p>\n","protected":false},"author":2,"featured_media":6560,"comment_status":"open","ping_status":"open","sticky":false,"template":"","format":"standard","meta":[],"categories":[82],"tags":[],"_links":{"self":[{"href":"https:\/\/pasaenmendoza.com\/index.php?rest_route=\/wp\/v2\/posts\/6559"}],"collection":[{"href":"https:\/\/pasaenmendoza.com\/index.php?rest_route=\/wp\/v2\/posts"}],"about":[{"href":"https:\/\/pasaenmendoza.com\/index.php?rest_route=\/wp\/v2\/types\/post"}],"author":[{"embeddable":true,"href":"https:\/\/pasaenmendoza.com\/index.php?rest_route=\/wp\/v2\/users\/2"}],"replies":[{"embeddable":true,"href":"https:\/\/pasaenmendoza.com\/index.php?rest_route=%2Fwp%2Fv2%2Fcomments&post=6559"}],"version-history":[{"count":1,"href":"https:\/\/pasaenmendoza.com\/index.php?rest_route=\/wp\/v2\/posts\/6559\/revisions"}],"predecessor-version":[{"id":6561,"href":"https:\/\/pasaenmendoza.com\/index.php?rest_route=\/wp\/v2\/posts\/6559\/revisions\/6561"}],"wp:featuredmedia":[{"embeddable":true,"href":"https:\/\/pasaenmendoza.com\/index.php?rest_route=\/wp\/v2\/media\/6560"}],"wp:attachment":[{"href":"https:\/\/pasaenmendoza.com\/index.php?rest_route=%2Fwp%2Fv2%2Fmedia&parent=6559"}],"wp:term":[{"taxonomy":"category","embeddable":true,"href":"https:\/\/pasaenmendoza.com\/index.php?rest_route=%2Fwp%2Fv2%2Fcategories&post=6559"},{"taxonomy":"post_tag","embeddable":true,"href":"https:\/\/pasaenmendoza.com\/index.php?rest_route=%2Fwp%2Fv2%2Ftags&post=6559"}],"curies":[{"name":"wp","href":"https:\/\/api.w.org\/{rel}","templated":true}]}}