{"id":656,"date":"2023-08-11T16:04:05","date_gmt":"2023-08-11T14:04:05","guid":{"rendered":"https:\/\/pasaenmendoza.com\/?p=656"},"modified":"2023-08-11T16:04:05","modified_gmt":"2023-08-11T14:04:05","slug":"revuelo-en-cambia-mendoza-por-la-fiscalizacion-de-un-departamento-clave","status":"publish","type":"post","link":"https:\/\/pasaenmendoza.com\/?p=656","title":{"rendered":"Revuelo en Cambia Mendoza por la fiscalizaci\u00f3n de un departamento clave"},"content":{"rendered":"\n<p>Este domingo de elecciones desde el sector de Patricia Bullrich informaron que presentar\u00e1n 400 fiscales en mesas de la Capital, al manifestar \u201cdesconfianza\u201d sobre la fiscalizaci\u00f3n en la comuna que administra Ulpiano Su\u00e1rez, cercano a Horacio Rodr\u00edguez Larreta.<\/p>\n\n\n\n<p>Los\u00a0<strong>argentinos\u00a0<\/strong>se acercan a una\u00a0<strong>elecci\u00f3n clave este domingo<\/strong>, fecha en la que se elegir\u00e1n a los candidatos para competir en los\u00a0<strong>comicios generales del 22 de octubre<\/strong>. No obstante, la m\u00e1xima expectativa se deposita en el espacio\u00a0<strong>Juntos por el Cambio,<\/strong>\u00a0debido a que uno de los dos precandidatos a presidente,\u00a0<strong>Horacio Rodr\u00edguez Larreta o Patricia Bullrich,<\/strong>\u00a0quedar\u00e1 fuera de la carrera seg\u00fan los resultados que obtengan en esta primaria.<\/p>\n\n\n\n<p>M\u00e1s all\u00e1 que en los \u00faltimos d\u00edas ha bajado la tensi\u00f3n entre ambos dirigentes con una foto entre ellos en conjunto con el\u00a0<strong>expresidente Mauricio Macri<\/strong>; as\u00ed como tambi\u00e9n en la decisi\u00f3n de utilizar el mismo\u00a0<strong>bunker de campa\u00f1a el pr\u00f3ximo domingo<\/strong>; las segundas y terceras l\u00edneas a\u00fan se mantienen en pie de guerra.<\/p>\n\n\n\n<p>De hecho,\u00a0<strong>Mendoza\u00a0<\/strong>no est\u00e1 ajena a la rivalidad entre el\u00a0<strong>bullrichismo y el larretismo<\/strong>, y ejemplo de esto es la fiscalizaci\u00f3n que se dar\u00e1 este domingo. Si bien el<strong>\u00a0frente Cambia Mendoza<\/strong>\u00a0dispuso una<strong>\u00a0medida para que haya un solo fiscal por mesa que \u201ccuide\u201d las boletas y los votos de Rodr\u00edguez Larreta y Bullrich,<\/strong>\u00a0en algunas comunas no ocurrir\u00e1 esto, y se sumar\u00e1n otros fiscales partidarios.<\/p>\n\n\n\n<p>Ser\u00e1 particularmente en&nbsp;<strong>Capital<\/strong>, donde parte del sector&nbsp;<strong>bullrichista&nbsp;<\/strong>\u201cdesconf\u00eda\u201d del&nbsp;<strong>intendente capitalino Ulpiano Su\u00e1rez<\/strong>, quien manifest\u00f3 abiertamente que har\u00eda campa\u00f1a por el&nbsp;<strong>jefe de Gobierno de la Ciudad Aut\u00f3noma de Buenos Aires.<\/strong><\/p>\n\n\n\n<p>\u201c<strong>Cambia Mendoza<\/strong>&nbsp;resolvi\u00f3 la fiscalizaci\u00f3n unificada. El fiscal que se sienta es de ambas listas, con la posibilidad que uno u otro pueda poner un fiscal por distrito o por escuela\u201d, destacaron fuentes radicales de la&nbsp;<strong>Capital<\/strong>.<\/p>\n\n\n\n<p>No obstante, desde el sector de Bullrich dispararon contra\u00a0<strong>Su\u00e1rez<\/strong>: \u201cSeg\u00fan los \u00faltimos movimientos, no hay nada que nos d\u00e9 seguridad en\u00a0<strong>Capital<\/strong>. Ya tenemos a 400 fiscales para cuidar los votos de\u00a0<strong>Patricia\u00a0<\/strong>el domingo\u201d, aclararon, por lo que se ver\u00e1 este mismo domingo qu\u00e9 ocurrir\u00e1 .<\/p>\n\n\n\n<p>Por el lado de la&nbsp;<strong>Uni\u00f3n C\u00edvica Radical (UCR),&nbsp;<\/strong>principal partido -al menos en&nbsp;<strong>Mendoza-<\/strong>&nbsp;de<strong>&nbsp;Juntos por el Cambio<\/strong>, relativizaron esta situaci\u00f3n y marcaron que \u201clos que quieran agregar fiscales de mesa, de ambos espacios, pueden hacerlo\u201d, pero bajaron el tono al tema y dejaron en claro que \u201cno hay pol\u00e9mica, sino que algunos dirigentes est\u00e1n en la \u2018chiquita\u2019 y no viendo que se trata de un trabajo en conjunto\u201d.<\/p>\n\n\n\n<p>Y advirtieron que \u201c<strong>quien tenga para poner dos fiscales pueden hacerlo. El tema es que no tienen para toda la provincia\u201d.<\/strong><\/p>\n\n\n\n<p>Desde el espacio de<strong>&nbsp;Ulpiano Su\u00e1rez,<\/strong>&nbsp;se decidi\u00f3 no salir en t\u00e9rminos p\u00fablicos a contestar sobre la fiscalizaci\u00f3n en&nbsp;<strong>Capital&nbsp;<\/strong>para no alimentar el revuelo, pero s\u00ed se limitaron a indicar, con un tiro por elevaci\u00f3n al espacio de&nbsp;<strong>Petri<\/strong>, que \u201cen todas las elecciones los fiscales han defendido los votos de todo Cambia&nbsp;<strong>Mendoza<\/strong>, incluso en las&nbsp;<strong>PASO&nbsp;<\/strong>del 11 de junio, donde hubo muchas mesas en las cuales el sector de&nbsp;<strong>Petri&nbsp;<\/strong>no present\u00f3 fiscales\u201d.<\/p>\n\n\n\n<p>Unmute<\/p>\n\n\n\n<p>Es inexplicable lo que se ha dicho. Hay audios circulando y montando  lanzaron: \u201cCon esa idea, la gente de\u00a0<strong>Rodr\u00edguez Larreta<\/strong>\u00a0deber\u00eda pensar en fiscalizar con m\u00e1s gente departamentos como\u00a0<strong>San Mart\u00edn, Godoy Cruz,<\/strong>\u00a0o cualquiera en el cual sus dirigentes pol\u00edticos est\u00e9n m\u00e1s cercanos a\u00a0<strong>Bullrich<\/strong>. Pero eso no va a ocurrir, porque siempre confiamos en el trabajo en conjunto dentro de la\u00a0<strong>UCR<\/strong>, as\u00ed como tambi\u00e9n en el\u00a0<strong>Frente Cambia Mendoza\u201d.<\/strong><\/p>\n\n\n\n<p><strong><em>FUENTE:<\/em><\/strong> Los Andes Online<\/p>\n\n\n\n<p><\/p>\n","protected":false},"excerpt":{"rendered":"<p>Este domingo de elecciones desde el sector de Patricia Bullrich informaron que presentar\u00e1n 400 fiscales en mesas de la Capital, al manifestar \u201cdesconfianza\u201d sobre la fiscalizaci\u00f3n en la comuna que administra Ulpiano Su\u00e1rez, cercano a Horacio Rodr\u00edguez Larreta. Los\u00a0argentinos\u00a0se acercan a una\u00a0elecci\u00f3n clave este domingo, fecha en la que se elegir\u00e1n a los candidatos para [&hellip;]<\/p>\n","protected":false},"author":2,"featured_media":657,"comment_status":"open","ping_status":"open","sticky":true,"template":"","format":"standard","meta":[],"categories":[47],"tags":[],"_links":{"self":[{"href":"https:\/\/pasaenmendoza.com\/index.php?rest_route=\/wp\/v2\/posts\/656"}],"collection":[{"href":"https:\/\/pasaenmendoza.com\/index.php?rest_route=\/wp\/v2\/posts"}],"about":[{"href":"https:\/\/pasaenmendoza.com\/index.php?rest_route=\/wp\/v2\/types\/post"}],"author":[{"embeddable":true,"href":"https:\/\/pasaenmendoza.com\/index.php?rest_route=\/wp\/v2\/users\/2"}],"replies":[{"embeddable":true,"href":"https:\/\/pasaenmendoza.com\/index.php?rest_route=%2Fwp%2Fv2%2Fcomments&post=656"}],"version-history":[{"count":1,"href":"https:\/\/pasaenmendoza.com\/index.php?rest_route=\/wp\/v2\/posts\/656\/revisions"}],"predecessor-version":[{"id":658,"href":"https:\/\/pasaenmendoza.com\/index.php?rest_route=\/wp\/v2\/posts\/656\/revisions\/658"}],"wp:featuredmedia":[{"embeddable":true,"href":"https:\/\/pasaenmendoza.com\/index.php?rest_route=\/wp\/v2\/media\/657"}],"wp:attachment":[{"href":"https:\/\/pasaenmendoza.com\/index.php?rest_route=%2Fwp%2Fv2%2Fmedia&parent=656"}],"wp:term":[{"taxonomy":"category","embeddable":true,"href":"https:\/\/pasaenmendoza.com\/index.php?rest_route=%2Fwp%2Fv2%2Fcategories&post=656"},{"taxonomy":"post_tag","embeddable":true,"href":"https:\/\/pasaenmendoza.com\/index.php?rest_route=%2Fwp%2Fv2%2Ftags&post=656"}],"curies":[{"name":"wp","href":"https:\/\/api.w.org\/{rel}","templated":true}]}}