{"id":6563,"date":"2024-04-05T14:36:53","date_gmt":"2024-04-05T12:36:53","guid":{"rendered":"https:\/\/pasaenmendoza.com\/?p=6563"},"modified":"2024-04-05T14:36:55","modified_gmt":"2024-04-05T12:36:55","slug":"oficinas-fiscales-cual-es-la-llave-que-podria-destrabar-el-conflicto","status":"publish","type":"post","link":"https:\/\/pasaenmendoza.com\/?p=6563","title":{"rendered":"Oficinas fiscales: cu\u00e1l es la llave que podr\u00eda destrabar el conflicto"},"content":{"rendered":"\n<p>En lo que va del a\u00f1o hicieron cinco paros y no acataron la conciliaci\u00f3n obligatoria por considerarla fuera de t\u00e9rmino. Alfredo Cornejo asegur\u00f3 que est\u00e1n trabajando en una propuesta.<\/p>\n\n\n\n<p>Los auxiliares de las\u00a0<strong>oficinas fiscales<\/strong>\u00a0est\u00e1n en pie de guerra con el Gobierno y\u00a0desde la Fiesta de la Vendimia ya llevaron adelante cinco paros en Mendoza. Es que los afiliados a la Asociaci\u00f3n Gremial de Empleados y Funcionarios del Poder Judicial exigen una recomposici\u00f3n salarial acorde a sus tareas, responsabilidades y funciones.\u00a0<\/p>\n\n\n\n<p>Se trata de 220 trabajadores que cumplen funciones en las\u00a0<strong>oficinas fiscales<\/strong>\u00a0de toda la provincia cuyos sueldo inicial ronda los 300 mil pesos. En el bono de sueldo cobran un \u00edtem especial que antes representaba el 40% del sueldo y, actualmente solo significa el 12%. Ellos exigen que este \u00edtem vuelva a tener la relevancia de antes.\u00a0<\/p>\n\n\n\n<p>Los empleados del Poder Judicial trabajan seis horas y en su mayor\u00eda en la ma\u00f1ana de lunes a viernes. En cambio, los trabajadores de las\u00a0<strong>oficinas fiscales<\/strong>\u00a0cumplen jornadas de ocho horas y trabajan en horarios rotativos para cubrir los turnos de lunes a lunes las 24 horas.\u00a0<\/p>\n\n\n\n<p>Esta diferencia entre jornadas de trabajo es la que est\u00e1 analizando el Gobierno provincial y podr\u00eda ser la llave para destrabar el conflicto en las\u00a0<strong>oficinas fiscales\u00a0<\/strong>que lleva cinco paros en lo que va del a\u00f1o.<\/p>\n\n\n\n<p>El primero en dar pistas sobre la posible soluci\u00f3n fue el gobernador Alfredo Cornejo. \u201cEl sindicato que aplica sobre el Ministerio P\u00fablico Fiscal no ha acatado la conciliaci\u00f3n obligatoria y eso es grav\u00edsimo. Estamos obligados a ponerle una multa a ese sindicato por lo que ha hecho el fin de semana\u201d, dijo el mandatario provincial en di\u00e1logo con los medios despu\u00e9s del traslado de interno a Almafuerte.<\/p>\n\n\n\n<p>\u201cEse paro es ilegal y estamos conversando con el Ministerio P\u00fablico Fiscal sobre nuevas formas de atenci\u00f3n de la<strong>&nbsp;oficinas fiscales<\/strong>, m\u00e1s adelante daremos detalles\u201d, agreg\u00f3 Alfredo Cornejo.&nbsp;<\/p>\n\n\n\n<p>Todo indica que una de las ofertas del Gobierno consiste en recortar las horas de trabajo de los auxiliares de las\u00a0<strong>oficinas fiscales<\/strong>\u00a0de ocho a seis. Otra de las opciones ser\u00eda trabajar de lunes a viernes como el resto de los\u00a0<strong>judiciales<\/strong>.\u00a0<\/p>\n\n\n\n<p>Sin embargo, ante la consulta de MDZ desde el Ministerio P\u00fablico Fiscal y la Subsecretar\u00eda de Justicia aseguraron desconocer el tema y se limitaron a informar que los&nbsp;<strong>judiciales&nbsp;<\/strong>est\u00e1n en negociaci\u00f3n paritaria y que el 9 de abril tendr\u00e1n una audiencia de conciliaci\u00f3n con el Gobierno provincial.&nbsp;<\/p>\n\n\n\n<p>Por su parte, desde la Asociaci\u00f3n Gremial de Empleados y Funcionarios del Poder\u00a0<strong>Judicial\u00a0<\/strong>indicaron que no han recibido ninguna propuesta formal. \u201cNo se nos ha comunicado nada. Rumores hay muchos pero en concreto no hay nada. Estamos esperando la reuni\u00f3n para poder destrabar el conflicto\u201d, dijo el titular del gremio de los\u00a0<strong>judiciales<\/strong>,\u00a0Ricardo Babill\u00f3n.<\/p>\n\n\n\n<p>\u201cVamos a plantear el principio de igual trabajo, igual remuneraci\u00f3n. Si ten\u00e9s la misma clase, trabajo y las mismas funciones pero en un lugar trabaj\u00e1s seis horas y en otro ocho, alguien se est\u00e1 quedando con esas dos horas.&nbsp; Igual trabajo, igual remuneraci\u00f3n es un principio constitucional que vamos a plantear\u201d, agreg\u00f3.&nbsp;<\/p>\n\n\n\n<h2 class=\"wp-block-heading\">Cinco paros en lo que va del a\u00f1o<\/h2>\n\n\n\n<p>El primer paro de los empleados de las&nbsp;<strong>oficinas fiscales<\/strong>&nbsp;coincidi\u00f3 con los festejos vendimiales. A partir de esa fecha la medida de fuerza se ha repetido los fines de semana, hasta el extra largo de seis d\u00edas. Como consecuencia muchas&nbsp;<strong>oficinas fiscales&nbsp;<\/strong>han estado cerradas por falta de personal y las pocas que quedaron abiertas estuvieron recargadas de trabajo.&nbsp;<\/p>\n\n\n\n<p>La Subsecretar\u00eda de Trabajo intervino y dict\u00f3 la conciliaci\u00f3n obligatoria, pero el gremio de los\u00a0<strong>Judiciales\u00a0<\/strong>consider\u00f3 que la conciliaci\u00f3n fue comunicada fuera de t\u00e9rmino y la desconoci\u00f3. Adem\u00e1s, a los trabajadores les descontaron los d\u00edas de paro.\u00a0<\/p>\n\n\n\n<p>FUENTE: MDZonline .<\/p>\n","protected":false},"excerpt":{"rendered":"<p>En lo que va del a\u00f1o hicieron cinco paros y no acataron la conciliaci\u00f3n obligatoria por considerarla fuera de t\u00e9rmino. Alfredo Cornejo asegur\u00f3 que est\u00e1n trabajando en una propuesta. Los auxiliares de las\u00a0oficinas fiscales\u00a0est\u00e1n en pie de guerra con el Gobierno y\u00a0desde la Fiesta de la Vendimia ya llevaron adelante cinco paros en Mendoza. Es [&hellip;]<\/p>\n","protected":false},"author":2,"featured_media":6564,"comment_status":"open","ping_status":"open","sticky":true,"template":"","format":"standard","meta":[],"categories":[47],"tags":[],"_links":{"self":[{"href":"https:\/\/pasaenmendoza.com\/index.php?rest_route=\/wp\/v2\/posts\/6563"}],"collection":[{"href":"https:\/\/pasaenmendoza.com\/index.php?rest_route=\/wp\/v2\/posts"}],"about":[{"href":"https:\/\/pasaenmendoza.com\/index.php?rest_route=\/wp\/v2\/types\/post"}],"author":[{"embeddable":true,"href":"https:\/\/pasaenmendoza.com\/index.php?rest_route=\/wp\/v2\/users\/2"}],"replies":[{"embeddable":true,"href":"https:\/\/pasaenmendoza.com\/index.php?rest_route=%2Fwp%2Fv2%2Fcomments&post=6563"}],"version-history":[{"count":1,"href":"https:\/\/pasaenmendoza.com\/index.php?rest_route=\/wp\/v2\/posts\/6563\/revisions"}],"predecessor-version":[{"id":6565,"href":"https:\/\/pasaenmendoza.com\/index.php?rest_route=\/wp\/v2\/posts\/6563\/revisions\/6565"}],"wp:featuredmedia":[{"embeddable":true,"href":"https:\/\/pasaenmendoza.com\/index.php?rest_route=\/wp\/v2\/media\/6564"}],"wp:attachment":[{"href":"https:\/\/pasaenmendoza.com\/index.php?rest_route=%2Fwp%2Fv2%2Fmedia&parent=6563"}],"wp:term":[{"taxonomy":"category","embeddable":true,"href":"https:\/\/pasaenmendoza.com\/index.php?rest_route=%2Fwp%2Fv2%2Fcategories&post=6563"},{"taxonomy":"post_tag","embeddable":true,"href":"https:\/\/pasaenmendoza.com\/index.php?rest_route=%2Fwp%2Fv2%2Ftags&post=6563"}],"curies":[{"name":"wp","href":"https:\/\/api.w.org\/{rel}","templated":true}]}}