{"id":6566,"date":"2024-04-05T14:43:30","date_gmt":"2024-04-05T12:43:30","guid":{"rendered":"https:\/\/pasaenmendoza.com\/?p=6566"},"modified":"2024-04-05T14:43:32","modified_gmt":"2024-04-05T12:43:32","slug":"la-legislatura-se-reactivo-con-mas-de-30-proyectos-enviados-por-el-gobierno","status":"publish","type":"post","link":"https:\/\/pasaenmendoza.com\/?p=6566","title":{"rendered":"La Legislatura se reactiv\u00f3 con m\u00e1s de 30 proyectos enviados por el Gobierno"},"content":{"rendered":"\n<p>La casa de Leyes se encuentra en pleno tratamiento de iniciativas enviadas por la cartera de Salud y de Ambiente y Energ\u00eda. Mientras que la semana que viene ingresar\u00e1n de Hacienda, Seguridad y Justicia.<\/p>\n\n\n\n<p><strong>Alfredo Cornejo<\/strong>&nbsp;se est\u00e1 respaldando en la<strong>&nbsp;Legislatura&nbsp;<\/strong>para llevar adelante las nuevas reformas que pretende para su segundo mandato en Casa de Gobierno. Hasta el momento, el Ejecutivo ha enviado por tandas una especie de Ley \u00d3mnibus provincial al Poder Legislativo.<\/p>\n\n\n\n<p>Los ministerios de&nbsp;<strong>Salud y Deporte,&nbsp;<\/strong>como de&nbsp;<strong>Ambiente y Energ\u00eda&nbsp;<\/strong>fueron los primeros en enviar su bater\u00eda de iniciativas, que est\u00e1n siendo tratando en ambas c\u00e1maras legislativas. En las pr\u00f3ximas semanas las carteras de<strong>&nbsp;Hacienda<\/strong>&nbsp;como de&nbsp;<strong>Seguridad y Justicia<\/strong>&nbsp;presentar\u00e1n sus respectivos paquetes de leyes.<\/p>\n\n\n\n<p>\u201c<em>Modernizar<\/em>\u201d, \u201c<em>motorizar el sector productivo<\/em>\u201d y \u201c<em>ser eficientes con los recursos del Estad<\/em>o\u201d fueron algunos de los puntos que mencion\u00f3 Cornejo en su asunci\u00f3n como mandatario en Casa de Gobierno. Bajo esta l\u00ednea y en un contexto de \u201c<em>vacas flacas<\/em>\u201d para las arcas provinciales, el dirigente radical busca aprovechar su mayor\u00eda en la Legislatura para conseguir las reformas que quiere para el Estado provincial.<\/p>\n\n\n\n<p>A pesar de tener los n\u00fameros a favor, Cornejo le solicit\u00f3 a&nbsp;<strong>Hebe Casado<\/strong>, presidenta de la C\u00e1mara de Senadores, como a&nbsp;<strong>Mart\u00edn Kerchner<\/strong>&nbsp;y&nbsp;<strong>Andr\u00e9s Lombardi<\/strong>, m\u00e1xima autoridad en Diputados, que incluyan a la oposici\u00f3n en los tratamientos de los proyectos del Ejecutivo para que cuenten con la mayor legitimidad posible.<\/p>\n\n\n\n<p>Por este motivo, cada paquete que han enviado las diferentes carteras, Cambia Mendoza (CM) ha escuchado los reclamos, consideraciones y propuestas que ha presentado la oposici\u00f3n en cada tema. Esto se ha visto reflejado a la hora de las votaciones en el recinto en las que las distintas fuerzas que no forman parte del Gobierno han votado de manera diferente.<\/p>\n\n\n\n<h2 class=\"wp-block-heading\" id=\"h-salud\">Salud<\/h2>\n\n\n\n<p>A mediados de febrero,\u00a0<strong>Rodolfo Montero<\/strong>, acompa\u00f1ado por Cornejo y Casado, present\u00f3\u00a0una serie de 26 proyectos que apuntaban a la reforma y modernizaci\u00f3n del sistema sanitario provincial. De estos, 25 normas ingresaron por el Senado y la restante por Diputados. Hasta el momento,\u00a0<mark>s\u00f3lo cinco iniciativas ya fueron transformadas en ley y 10 cuentan con media sanci\u00f3n<\/mark>.<\/p>\n\n\n\n<p>En la&nbsp;<mark>C\u00e1mara de Senadores todav\u00eda faltan tratar 10 proyectos sanitarios<\/mark>&nbsp;y entre los m\u00e1s importantes se encuentran la derogaci\u00f3n de la ley 4.966 que regula la habilitaci\u00f3n y control de dispositivos de radiaciones ionizantes seg\u00fan Ley nacional 17557, la de Cese de Incompatibilidad Profesional de Farmac\u00e9uticos y ley de Funciones de los Licenciados en Enfermer\u00eda.<\/p>\n\n\n\n<p>Mientras, en la agenda de Diputados<mark>\u00a0figuran otros 10 proyectos<\/mark>\u00a0que ya tienen media sanci\u00f3n. Entre ellos, est\u00e1 la modificaci\u00f3n de la\u00a0<strong>Ley de Residencias<\/strong>\u00a0y la creaci\u00f3n del ente\u00a0<strong>Reforsal.<\/strong>\u00a0Por otro lado, los legisladores deber\u00e1n comenzar con el debate de la iniciativa que pretende destinar\u00a0<mark>un porcentaje del\u00a0impuesto a los Ingresos Brutos tributado por los casinos privados y juegos en l\u00ednea para reforzar los programas de salud mental<\/mark>\u00a0y adicciones provinciales.\u00a0<\/p>\n\n\n\n<h2 class=\"wp-block-heading\" id=\"h-ambiente-y-energia\">Ambiente y Energ\u00eda<\/h2>\n\n\n\n<p>La responsable de la cartera ambiental,\u00a0<strong>Jimena Latorre<\/strong>, present\u00f3 el pasado 5 de marzo la \u00a0reforma del\u00a0<strong>C\u00f3digo Procesal Minero<\/strong>. La iniciativa, que\u00a0ya cuenta con media sanci\u00f3n de Diputados, apunta a agilizar los procedimientos de las inversiones mineras en la provincia. La semana pr\u00f3xima se tratar\u00eda en la C\u00e1mara Alta.<\/p>\n\n\n\n<p>El debate por la reforma minera provoc\u00f3 el enojo de un sector del peronismo como de algunos legisladores de<strong>&nbsp;La Uni\u00f3n Mendocina<\/strong>&nbsp;debido a que se trat\u00f3 de un \u201c<em>debate expr\u00e9s<\/em>\u201d. Los puntos que m\u00e1s conflictos generaron fue la participaci\u00f3n de<strong>&nbsp;Impulsa Mendoza<\/strong>&nbsp;en las futuras inversiones mineras y en un principio, la eliminaci\u00f3n del&nbsp;<strong>Consejo de Miner\u00eda<\/strong>, cosa que al final no termin\u00f3 sucediendo.<\/p>\n\n\n\n<p>Una vez finalizada la sesi\u00f3n,&nbsp;<mark>desde el ministerio adelantaron a&nbsp;<em>El Sol<\/em>&nbsp;que se encuentran trabajando en otros proyectos que apunta al desarrollo petrolero y a otros sectores productivos.&nbsp;<\/mark>La intenci\u00f3n es presentarlo en las pr\u00f3ximas semanas.<\/p>\n\n\n\n<h2 class=\"wp-block-heading\" id=\"h-educacion\">Educaci\u00f3n<\/h2>\n\n\n\n<p>El ministro de Educaci\u00f3n,\u00a0<strong>Tadeo Garc\u00eda Zalazar<\/strong>, present\u00f3 hace dos semanas en Diputados\u00a0una serie de proyectos que apuntan a la b\u00fasqueda de mayor financiamiento al sector educativo de la provincia. Ambos acaban de tomar estado parlamentario y se debatir\u00e1n en las comisiones de Hacienda, Educaci\u00f3n y de Legislaci\u00f3n y Asuntos Constitucionales (LAC).<\/p>\n\n\n\n<p>Los proyectos presentados por el ex intendente de Godoy Cruz proponen<mark>&nbsp;la modificaci\u00f3n del r\u00e9gimen procesal de la acci\u00f3n civil de&nbsp;extinci\u00f3n de dominio, estableciendo que&nbsp;los bienes producto de la corrupci\u00f3n se entreguen a la educaci\u00f3n<\/mark>.&nbsp;Mientras que el segundo crea el&nbsp;<strong>Fondo Permanente de Infraestructura Escolar<\/strong>, que&nbsp;<mark>ser\u00e1 financiado por &nbsp;los recursos provenientes de la venta de inmuebles o muebles que surjan de una herencia vacante<\/mark>.<\/p>\n\n\n\n<p><mark>Desde la DGE, calculan que por cerca de 40 inmuebles que est\u00e1n en condiciones de entrar al circuito planteado, ingresar\u00edan 4.000 millones pesos<\/mark>.\u00a0Lo que significar\u00eda casi un 30% m\u00e1s del presupuesto con el que actualmente cuenta la provincia en materia de equipamiento de infraestructura escolar.<\/p>\n\n\n\n<h2 class=\"wp-block-heading\" id=\"h-seguridad\">Seguridad<\/h2>\n\n\n\n<p>La C\u00e1mara Alta convirti\u00f3 en ley un proyecto de Seguridad que modifica un punto del\u00a0<strong>C\u00f3digo Procesal Penal<\/strong>\u00a0en el que\u00a0habilita la inclusi\u00f3n de la nueva figura de agente encubierto digital. Esta se implementar\u00e1 en las investigaciones por abusos de menores y estafas en internet, entre otros delitos digitales.<\/p>\n\n\n\n<p>Mientras tanto, la ministra de Seguridad y Justicia,&nbsp;<mark><strong>Mercedes Rus<\/strong>, est\u00e1 ultimando los detalles de un paquete de leyes que har\u00e1 hincapi\u00e9 en el endurecimiento de las penas de los delitos por robo de cobre o metales, al igual que en el control de robos y estafas digitales.<\/mark><\/p>\n\n\n\n<p>Tambi\u00e9n habr\u00e1 un apartado sobre una reforma en el sistema penitenciario y para&nbsp;<mark>endurecer los castigos judiciales a los robos \u201cviolentos\u201d contra los adultos mayores<\/mark>. La intenci\u00f3n del Ejecutivo es presentarlo en el transcurso de las pr\u00f3ximas dos semanas.<\/p>\n\n\n\n<h2 class=\"wp-block-heading\" id=\"h-hacienda\">Hacienda<\/h2>\n\n\n\n<p>En los \u00faltimos d\u00edas, el propio Cornejo anunci\u00f3 que desde el ministerio de Hacienda que conduce&nbsp;<strong>V\u00edctor Fayad<\/strong>&nbsp;van a enviar un&nbsp;<strong>paquete fiscal<\/strong>&nbsp;a la Legislatura. Allegados al mandatario provincial adelantaron a<em>&nbsp;El Sol<\/em>&nbsp;que&nbsp;<mark>el proyecto ser\u00e1 presentado en la C\u00e1mara de Diputados la semana que viene<\/mark>.<\/p>\n\n\n\n<p>Cambios en uno de los porcentajes que se le destina a los municipios en la Ley de\u00a0<strong>Coparticipaci\u00f3n Provincial<\/strong>, un\u00a0<strong>nuevo pacto fiscal<\/strong>\u00a0con los intendentes y propuestas que apuntan a eficientizar el gasto p\u00fablico son algunos de los puntos que tendr\u00e1 el paquete de normas que enviar\u00e1 Fayad.\u00a0<\/p>\n\n\n\n<p>FUENTE: Elsol.com.ar <\/p>\n\n\n\n<p><\/p>\n","protected":false},"excerpt":{"rendered":"<p>La casa de Leyes se encuentra en pleno tratamiento de iniciativas enviadas por la cartera de Salud y de Ambiente y Energ\u00eda. Mientras que la semana que viene ingresar\u00e1n de Hacienda, Seguridad y Justicia. Alfredo Cornejo&nbsp;se est\u00e1 respaldando en la&nbsp;Legislatura&nbsp;para llevar adelante las nuevas reformas que pretende para su segundo mandato en Casa de Gobierno. [&hellip;]<\/p>\n","protected":false},"author":2,"featured_media":6567,"comment_status":"open","ping_status":"open","sticky":true,"template":"","format":"standard","meta":[],"categories":[47],"tags":[],"_links":{"self":[{"href":"https:\/\/pasaenmendoza.com\/index.php?rest_route=\/wp\/v2\/posts\/6566"}],"collection":[{"href":"https:\/\/pasaenmendoza.com\/index.php?rest_route=\/wp\/v2\/posts"}],"about":[{"href":"https:\/\/pasaenmendoza.com\/index.php?rest_route=\/wp\/v2\/types\/post"}],"author":[{"embeddable":true,"href":"https:\/\/pasaenmendoza.com\/index.php?rest_route=\/wp\/v2\/users\/2"}],"replies":[{"embeddable":true,"href":"https:\/\/pasaenmendoza.com\/index.php?rest_route=%2Fwp%2Fv2%2Fcomments&post=6566"}],"version-history":[{"count":1,"href":"https:\/\/pasaenmendoza.com\/index.php?rest_route=\/wp\/v2\/posts\/6566\/revisions"}],"predecessor-version":[{"id":6568,"href":"https:\/\/pasaenmendoza.com\/index.php?rest_route=\/wp\/v2\/posts\/6566\/revisions\/6568"}],"wp:featuredmedia":[{"embeddable":true,"href":"https:\/\/pasaenmendoza.com\/index.php?rest_route=\/wp\/v2\/media\/6567"}],"wp:attachment":[{"href":"https:\/\/pasaenmendoza.com\/index.php?rest_route=%2Fwp%2Fv2%2Fmedia&parent=6566"}],"wp:term":[{"taxonomy":"category","embeddable":true,"href":"https:\/\/pasaenmendoza.com\/index.php?rest_route=%2Fwp%2Fv2%2Fcategories&post=6566"},{"taxonomy":"post_tag","embeddable":true,"href":"https:\/\/pasaenmendoza.com\/index.php?rest_route=%2Fwp%2Fv2%2Ftags&post=6566"}],"curies":[{"name":"wp","href":"https:\/\/api.w.org\/{rel}","templated":true}]}}