{"id":6572,"date":"2024-04-05T14:53:12","date_gmt":"2024-04-05T12:53:12","guid":{"rendered":"https:\/\/pasaenmendoza.com\/?p=6572"},"modified":"2024-04-05T14:53:15","modified_gmt":"2024-04-05T12:53:15","slug":"la-ministra-bullrich-se-comprometio-a-estudiar-las-reformas-en-seguridad-planteadas-por-mendoza","status":"publish","type":"post","link":"https:\/\/pasaenmendoza.com\/?p=6572","title":{"rendered":"La ministra Bullrich se comprometi\u00f3 a estudiar las reformas en seguridad planteadas por Mendoza"},"content":{"rendered":"\n<p>El gobernador Alfredo Cornejo y la ministra de Seguridad, Mercedes Rus, le acercaron a la ministra de Seguridad de Milei reformas para el C\u00f3digo Penal<\/p>\n\n\n\n<p>El gobernador Alfredo Cornejo y la ministra de Seguridad y Justicia de Mendoza, Mercedes Rus, se reunieron este jueves con la ministra de Seguridad,<strong>\u00a0Patricia Bullrich<\/strong>,\u00a0a quien le plantearon una serie de reformas en el<strong>\u00a0C\u00f3digo Penal y Civil y Comercial de la Naci\u00f3n.<\/strong><\/p>\n\n\n\n<p>El objetivo de los cambios es combatir delitos frecuentes como la&nbsp;<strong>suplantaci\u00f3n de identidad<\/strong>,&nbsp;<strong>las estafas electr\u00f3nicas<\/strong>&nbsp;<strong>y la<\/strong>&nbsp;<strong>tenencia ileg\u00edtima de armas de fuego<\/strong>.<\/p>\n\n\n\n<p>La titular de la cartera de Seguridad de Javier Milei se comprometi\u00f3 a analizar y estudiar estas propuestas y ser\u00e1\u00a0<strong>presentado<\/strong>\u00a0en forma conjunta el\u00a0<strong>pr\u00f3ximo 6 de junio en el Consejo de Seguridad Interior<\/strong>.<\/p>\n\n\n\n<h2 class=\"wp-block-heading\">Alfredo Cornejo resalt\u00f3 la coordinaci\u00f3n con la Naci\u00f3n en materia de seguridad<\/h2>\n\n\n\n<p>&#8220;El hecho de que nos pongamos de acuerdo en este paquete de leyes que ir\u00e1 al Congreso, es una se\u00f1al muy clara de&nbsp;<strong>Mendoza para contribuir a mejorar la seguridad en la Argentina<\/strong>\u201d, remarc\u00f3 Cornejo.<\/p>\n\n\n\n<p>De esta manera, el mandatario dej\u00f3 en claro que esta iniciativa &#8220;no s\u00f3lo le sirve a la Provincia, sino a todo el pa\u00eds, porque en el caso espec\u00edfico de Mendoza, creemos que&nbsp;<strong>penalizar m\u00e1s fuertemente el encubrimiento de robos, como en el caso de los veh\u00edculos, har\u00e1 que bajen estos delitos\u201d.<\/strong><\/p>\n\n\n\n<p>&#8220;<strong>Con esta reforma estamos<\/strong>&nbsp;<strong>poniendo en agenda todo lo que tiene que ver del delito de encubrimiento<\/strong>, que en un allanamiento le podemos encontrar celulares o cosas que son provenientes del delito y que es necesario agravar esa amenaza punitiva. Contemplamos el robo de cables que es un flagelo que afecta a todas las provincias&#8221;, adelant\u00f3<strong>&nbsp;Rus<\/strong>&nbsp;en declaraciones a Mediod\u00eda en Nihuil.<\/p>\n\n\n\n<p>En este punto, la funcionaria destac\u00f3 los innumerables inconvenientes que conlleva el robo de las luminarias y la p\u00e9rdida de cables, no s\u00f3lo en t\u00e9rminos econ\u00f3micos para la empresa, sino que afectan a los vecinos y contribuye a la inseguridad.<\/p>\n\n\n\n<p>Otro de los enfoques de la propuesta de Mendoza a la cartera de Seguridad del Gobierno de Javier Milei apunta a agravar las penas para el uso y la portaci\u00f3n ileg\u00edtima de armas en la calle.<\/p>\n\n\n\n<p>La propuesta tambi\u00e9n se extiende al control y la regulaci\u00f3n de armas. Por ello se hace hincapi\u00e9 en la necesidad de colaborar con organismos como la Agencia Nacional de Materiales Controlados (ANMaC) \u2013 con quien Mendoza firm\u00f3 un convenio en marzo de este a\u00f1o- para trabajar sobre la tenencia ilegal de armas.<\/p>\n\n\n\n<p>Por \u00faltimo, Rus explic\u00f3 que en lo relativo a la seguridad vial y las estafas por suplantaci\u00f3n de identidad que no est\u00e1 previsto en el C\u00f3digo Penal.<\/p>\n\n\n\n<p>Del encuentro tambi\u00e9n participaron el procurador de la Corte, Alejandro Gull\u00e9 y del subsecretario de Justicia, Marcelo D\u2019Agostino, quienes tambi\u00e9n formaron de la redacci\u00f3n.<\/p>\n\n\n\n<h2 class=\"wp-block-heading\"><strong>Apoyo a la propuesta de combatir el narcotr\u00e1fico con las Fuerzas Armadas<\/strong><\/h2>\n\n\n\n<p>Al ser consultada sobre la iniciativa del ministro de Defensa, Luis Petri, Rus se mostr\u00f3 a favor de utilizar el aparato militar para combatir el narcotr\u00e1fico.<\/p>\n\n\n\n<p>&#8220;Entendemos que es bueno, porque se est\u00e1 dando un buen mensaje, de orden en un lugar como Rosario. Decir que Argentina tiene que ser un lugar inh\u00f3spito para el narcotr\u00e1fico y esto es fundamental para el pa\u00eds y no s\u00f3lo para la jurisdicci\u00f3n porque despu\u00e9s el delito se traslada&#8221;, opin\u00f3 Rus.<\/p>\n\n\n\n<p>Por \u00faltimo, respecto de bajar la edad de imputabilidad en j\u00f3venes que est\u00e1n en conflicto con la ley, la par de Bullrich en Mendoza recalc\u00f3: &#8220;Compartimos la preocupaci\u00f3n y el debate estar\u00eda habilitado en los diversos abordajes. Uno de ellos es la modificaci\u00f3n de la ley penal. Despu\u00e9s hay que ver qu\u00e9 hacemos con ese menor y c\u00f3mo lo reinsertamos en la sociedad&#8221;.<\/p>\n\n\n\n<p>FUENTE: Diariouno.com.ar <\/p>\n","protected":false},"excerpt":{"rendered":"<p>El gobernador Alfredo Cornejo y la ministra de Seguridad, Mercedes Rus, le acercaron a la ministra de Seguridad de Milei reformas para el C\u00f3digo Penal El gobernador Alfredo Cornejo y la ministra de Seguridad y Justicia de Mendoza, Mercedes Rus, se reunieron este jueves con la ministra de Seguridad,\u00a0Patricia Bullrich,\u00a0a quien le plantearon una serie [&hellip;]<\/p>\n","protected":false},"author":2,"featured_media":6573,"comment_status":"open","ping_status":"open","sticky":true,"template":"","format":"standard","meta":[],"categories":[47],"tags":[],"_links":{"self":[{"href":"https:\/\/pasaenmendoza.com\/index.php?rest_route=\/wp\/v2\/posts\/6572"}],"collection":[{"href":"https:\/\/pasaenmendoza.com\/index.php?rest_route=\/wp\/v2\/posts"}],"about":[{"href":"https:\/\/pasaenmendoza.com\/index.php?rest_route=\/wp\/v2\/types\/post"}],"author":[{"embeddable":true,"href":"https:\/\/pasaenmendoza.com\/index.php?rest_route=\/wp\/v2\/users\/2"}],"replies":[{"embeddable":true,"href":"https:\/\/pasaenmendoza.com\/index.php?rest_route=%2Fwp%2Fv2%2Fcomments&post=6572"}],"version-history":[{"count":1,"href":"https:\/\/pasaenmendoza.com\/index.php?rest_route=\/wp\/v2\/posts\/6572\/revisions"}],"predecessor-version":[{"id":6574,"href":"https:\/\/pasaenmendoza.com\/index.php?rest_route=\/wp\/v2\/posts\/6572\/revisions\/6574"}],"wp:featuredmedia":[{"embeddable":true,"href":"https:\/\/pasaenmendoza.com\/index.php?rest_route=\/wp\/v2\/media\/6573"}],"wp:attachment":[{"href":"https:\/\/pasaenmendoza.com\/index.php?rest_route=%2Fwp%2Fv2%2Fmedia&parent=6572"}],"wp:term":[{"taxonomy":"category","embeddable":true,"href":"https:\/\/pasaenmendoza.com\/index.php?rest_route=%2Fwp%2Fv2%2Fcategories&post=6572"},{"taxonomy":"post_tag","embeddable":true,"href":"https:\/\/pasaenmendoza.com\/index.php?rest_route=%2Fwp%2Fv2%2Ftags&post=6572"}],"curies":[{"name":"wp","href":"https:\/\/api.w.org\/{rel}","templated":true}]}}