{"id":6579,"date":"2024-04-05T15:24:17","date_gmt":"2024-04-05T13:24:17","guid":{"rendered":"https:\/\/pasaenmendoza.com\/?p=6579"},"modified":"2024-04-05T15:24:19","modified_gmt":"2024-04-05T13:24:19","slug":"llevaba-a-sus-hijos-a-la-escuela-choco-y-volco-en-guaymallen","status":"publish","type":"post","link":"https:\/\/pasaenmendoza.com\/?p=6579","title":{"rendered":"Llevaba a sus hijos a la escuela, choc\u00f3 y volc\u00f3 en Guaymall\u00e9n"},"content":{"rendered":"\n<p>Un<strong>\u00a0grave accidente<\/strong>\u00a0se produjo esta ma\u00f1ana en\u00a0<strong>Guaymall\u00e9n<\/strong>, cuando dos veh\u00edculos protagonizaron una<strong>\u00a0fuerte colisi\u00f3n\u00a0<\/strong>ya que ninguno de los dos fren\u00f3 en una esquina relativamente tranquila.<\/p>\n\n\n\n<p>El incidente vial ocurri\u00f3 a primera hora de este viernes en la esquina de&nbsp;<strong>Uruguay y Lavalle<\/strong>, a algunas cuadras del&nbsp;<strong>\u00c1rea Fundacional.<\/strong>&nbsp;La fuerza del impacto fue tan fuerte que un Volkswagen Fox de color rojo, que transitaba por Uruguay de oeste a este, termin\u00f3 con la trompa apuntando en la<strong>&nbsp;direcci\u00f3n contraria.<\/strong><\/p>\n\n\n\n<p>En tanto que la peor parte la sac\u00f3 el otro veh\u00edculo que particip\u00f3 de la colisi\u00f3n, que finaliz\u00f3 dado vuelta en su totalidad, casi adentro de la acequia y totalmente destruido. Este autom\u00f3vil traslabada a\u00a0<strong>dos ni\u00f1os<\/strong>\u00a0a la escuela y adem\u00e1s iba una persona\u00a0<strong>discapacitada<\/strong>. De hecho, el rodado tiene la calcoman\u00eda que da cuenta de esta situaci\u00f3n.<\/p>\n\n\n\n<p>Al lugar lleg\u00f3 personal de Tr\u00e1nsito y tambi\u00e9n una ambulancia del Servicio Coordinado de Emergencia que evalu\u00f3 el estado de salud de los implicados y traslad\u00f3 al hospital para observaciones a los pasajeros del auto volcado.<\/p>\n\n\n\n<p><strong>Fuente: www.mendozapost.com<\/strong><\/p>\n","protected":false},"excerpt":{"rendered":"<p>Un\u00a0grave accidente\u00a0se produjo esta ma\u00f1ana en\u00a0Guaymall\u00e9n, cuando dos veh\u00edculos protagonizaron una\u00a0fuerte colisi\u00f3n\u00a0ya que ninguno de los dos fren\u00f3 en una esquina relativamente tranquila. El incidente vial ocurri\u00f3 a primera hora de este viernes en la esquina de&nbsp;Uruguay y Lavalle, a algunas cuadras del&nbsp;\u00c1rea Fundacional.&nbsp;La fuerza del impacto fue tan fuerte que un Volkswagen Fox de [&hellip;]<\/p>\n","protected":false},"author":2,"featured_media":6580,"comment_status":"open","ping_status":"open","sticky":false,"template":"","format":"standard","meta":[],"categories":[48],"tags":[],"_links":{"self":[{"href":"https:\/\/pasaenmendoza.com\/index.php?rest_route=\/wp\/v2\/posts\/6579"}],"collection":[{"href":"https:\/\/pasaenmendoza.com\/index.php?rest_route=\/wp\/v2\/posts"}],"about":[{"href":"https:\/\/pasaenmendoza.com\/index.php?rest_route=\/wp\/v2\/types\/post"}],"author":[{"embeddable":true,"href":"https:\/\/pasaenmendoza.com\/index.php?rest_route=\/wp\/v2\/users\/2"}],"replies":[{"embeddable":true,"href":"https:\/\/pasaenmendoza.com\/index.php?rest_route=%2Fwp%2Fv2%2Fcomments&post=6579"}],"version-history":[{"count":1,"href":"https:\/\/pasaenmendoza.com\/index.php?rest_route=\/wp\/v2\/posts\/6579\/revisions"}],"predecessor-version":[{"id":6581,"href":"https:\/\/pasaenmendoza.com\/index.php?rest_route=\/wp\/v2\/posts\/6579\/revisions\/6581"}],"wp:featuredmedia":[{"embeddable":true,"href":"https:\/\/pasaenmendoza.com\/index.php?rest_route=\/wp\/v2\/media\/6580"}],"wp:attachment":[{"href":"https:\/\/pasaenmendoza.com\/index.php?rest_route=%2Fwp%2Fv2%2Fmedia&parent=6579"}],"wp:term":[{"taxonomy":"category","embeddable":true,"href":"https:\/\/pasaenmendoza.com\/index.php?rest_route=%2Fwp%2Fv2%2Fcategories&post=6579"},{"taxonomy":"post_tag","embeddable":true,"href":"https:\/\/pasaenmendoza.com\/index.php?rest_route=%2Fwp%2Fv2%2Ftags&post=6579"}],"curies":[{"name":"wp","href":"https:\/\/api.w.org\/{rel}","templated":true}]}}