{"id":6582,"date":"2024-04-05T15:29:33","date_gmt":"2024-04-05T13:29:33","guid":{"rendered":"https:\/\/pasaenmendoza.com\/?p=6582"},"modified":"2024-04-05T15:29:35","modified_gmt":"2024-04-05T13:29:35","slug":"la-patrulla-de-taxistas-que-se-unira-para-combatir-el-delito-en-capital","status":"publish","type":"post","link":"https:\/\/pasaenmendoza.com\/?p=6582","title":{"rendered":"La &#8220;patrulla&#8221; de taxistas que se unir\u00e1 para combatir el delito en Capital"},"content":{"rendered":"\n<p>En medio de la\u00a0 inseguridad que afecta a la provincia de<strong>\u00a0Mendoza<\/strong>, se concret\u00f3 un proyecto para integrar a los conductores de taxis y remises al programa\u00a0<strong>&#8220;Ojos en Alerta&#8221;, que depende de la Municipalidad de Capital<\/strong>. Esta iniciativa, en la que participa el\u00a0Sindicato Obreros de Taxis Mendoza, Asociaci\u00f3n Propietarios de Taxis Mendoza y C\u00e1mara Empresaria del Tax\u00edmetro y Afines,\u00a0busca aprovechar la colaboraci\u00f3n de los taxistas que permanentemente recorren las calles, para la denuncia de delitos.<\/p>\n\n\n\n<p>El programa &#8220;Ojos en Alerta&#8221; es una herramienta de prevenci\u00f3n de hechos delictivos que\u00a0<strong>ha logrado reunir m\u00e1s de 11 mil usuarios registrados<\/strong>\u00a0de manera voluntaria. Estos usuarios han recibido capacitaci\u00f3n por parte de la Municipalidad de\u00a0<strong>Ciudad<\/strong>\u00a0para utilizar eficientemente la aplicaci\u00f3n y contribuir activamente en la denuncia de situaciones sospechosas o delitos de los que sean testigos.<\/p>\n\n\n\n<p><strong>H\u00e9ctor Canizzo<\/strong>, secretario general de la Asociaci\u00f3n de Propietarios de Taxis (<strong>APROTAM<\/strong>), destac\u00f3 al<strong>&nbsp;<em>Post<\/em><\/strong>&nbsp;la importancia de la participaci\u00f3n de los taxistas en la lucha contra la inseguridad: &#8220;El taxista no es la persona que ante un hecho de inseguridad va a dar la media vuelta y se va a ir,&nbsp;<strong>generalmente el taxista colabora no solo con el usuario o con la persona civil, sino que hasta con la misma polic\u00eda<\/strong>&#8220;.<\/p>\n\n\n\n<p>Por otro lado, tambi\u00e9n se busca reforzar la seguridad para los conductores de taxis que son los principales blancos de los delincuentes. Hace poco m\u00e1s de una semana\u00a0un chofer fue salvajemente golpeado\u00a0por dos sujetos en\u00a0Godoy Cruz\u00a0y le robaron dinero, el celular y las llaves del veh\u00edculo. Tras esta situaci\u00f3n los choferes pidieron reunirse con la ministra de Seguridad y Justicia,\u00a0<strong>Mercedes Rus<\/strong>\u00a0para pedir por mayor seguridad.<\/p>\n\n\n\n<p>&#8220;<strong>Lamentablemente los hechos de inseguridad son permanentes.<\/strong>&nbsp;Lo que pasa es que ya cuando toman estado p\u00fablico, es como que se dan cuenta de la visibilidad del problema. Lo que sucede generalmente es que mientras que no haya una agresi\u00f3n el taxista se queda callado&#8221;, explic\u00f3 Canizzo.<\/p>\n\n\n\n<p>El Ministerio de Seguridad y Justicia ha tomado medidas adicionales para brindar mayor protecci\u00f3n a los choferes. Recientemente, se han establecido puestos fijos de control para supervisar a los conductores y a los pasajeros. Esta medida ya ha sido implementada durante el fin de semana largo de Semana Santa, y seg\u00fan APROTAM, los robos a taxistas han sido casi inexistentes:\u00a0<strong>&#8220;Si hay presencia policial en la calle que se individualice, que se vea al polic\u00eda en la calle, el delincuente se retrotrae un poquito<\/strong>. Cuando ve de que puede ser interceptado se cuida un poquito m\u00e1s&#8221;.<\/p>\n\n\n\n<p><strong>\u00bfC\u00f3mo es la seguridad para los taxistas?<\/strong><\/p>\n\n\n\n<p>Los choferes de taxis contratan una empresa privada con seguridad satelital por la que pagan m\u00e1s de $20.000 por mes. Este servicio consiste en un mapeo permanente del veh\u00edculo mientras circula.<\/p>\n\n\n\n<p>El Secretario General de APROTAM asegur\u00f3 que ahora no solo son los barrios conflictivos donde ocurren los robos, sino en todos lados, incluso en pleno centro: &#8220;A veces levantas a alguien en el centro y no te lleva a barrios conflictivos, te llevan por ejemplo al Parque y te asaltan&#8221;.<\/p>\n\n\n\n<p>Adem\u00e1s desde el ministerio aseguraron que el sistema de seguridad que utilizan los choferes estar\u00e1 directamente vinculado con el CEO para que no hayan demoras a la hora de realizar una denuncia por un delito que est\u00e9 ocurriendo.<\/p>\n\n\n\n<p><strong>\u00bfC\u00f3mo participar de Ojos en Alerta?<\/strong><\/p>\n\n\n\n<p>Quienes quieran ser parte de esta iniciativa, previamente reciben una preparaci\u00f3n sobre c\u00f3mo debe utilizarse este sistema, de forma tal que sea efectivo el intercambio con los operadores del programa y potencie la prevenci\u00f3n.&nbsp;<\/p>\n\n\n\n<p>Las personas interesadas en participar, pueden inscribirse al\u00a0<strong>Programa &#8220;Ojos en Alerta&#8221; desde la p\u00e1gina web de la Ciudad de Mendoza\u00a0https:\/\/ciudaddemendoza.gob.ar\/ojos-en-alerta\/<\/strong>.\u00a0<\/p>\n\n\n\n<p>Posteriormente, personal de la Coordinaci\u00f3n de Prevenci\u00f3n Ciudadana de la Municipalidad de la Ciudad se comunicar\u00e1 telef\u00f3nicamente para acordar fecha y hora de la capacitaci\u00f3n.<\/p>\n\n\n\n<p><strong>Fuente: www.mendozapost.com<\/strong><\/p>\n","protected":false},"excerpt":{"rendered":"<p>En medio de la\u00a0 inseguridad que afecta a la provincia de\u00a0Mendoza, se concret\u00f3 un proyecto para integrar a los conductores de taxis y remises al programa\u00a0&#8220;Ojos en Alerta&#8221;, que depende de la Municipalidad de Capital. Esta iniciativa, en la que participa el\u00a0Sindicato Obreros de Taxis Mendoza, Asociaci\u00f3n Propietarios de Taxis Mendoza y C\u00e1mara Empresaria del [&hellip;]<\/p>\n","protected":false},"author":2,"featured_media":6583,"comment_status":"open","ping_status":"open","sticky":false,"template":"","format":"standard","meta":[],"categories":[48],"tags":[],"_links":{"self":[{"href":"https:\/\/pasaenmendoza.com\/index.php?rest_route=\/wp\/v2\/posts\/6582"}],"collection":[{"href":"https:\/\/pasaenmendoza.com\/index.php?rest_route=\/wp\/v2\/posts"}],"about":[{"href":"https:\/\/pasaenmendoza.com\/index.php?rest_route=\/wp\/v2\/types\/post"}],"author":[{"embeddable":true,"href":"https:\/\/pasaenmendoza.com\/index.php?rest_route=\/wp\/v2\/users\/2"}],"replies":[{"embeddable":true,"href":"https:\/\/pasaenmendoza.com\/index.php?rest_route=%2Fwp%2Fv2%2Fcomments&post=6582"}],"version-history":[{"count":1,"href":"https:\/\/pasaenmendoza.com\/index.php?rest_route=\/wp\/v2\/posts\/6582\/revisions"}],"predecessor-version":[{"id":6584,"href":"https:\/\/pasaenmendoza.com\/index.php?rest_route=\/wp\/v2\/posts\/6582\/revisions\/6584"}],"wp:featuredmedia":[{"embeddable":true,"href":"https:\/\/pasaenmendoza.com\/index.php?rest_route=\/wp\/v2\/media\/6583"}],"wp:attachment":[{"href":"https:\/\/pasaenmendoza.com\/index.php?rest_route=%2Fwp%2Fv2%2Fmedia&parent=6582"}],"wp:term":[{"taxonomy":"category","embeddable":true,"href":"https:\/\/pasaenmendoza.com\/index.php?rest_route=%2Fwp%2Fv2%2Fcategories&post=6582"},{"taxonomy":"post_tag","embeddable":true,"href":"https:\/\/pasaenmendoza.com\/index.php?rest_route=%2Fwp%2Fv2%2Ftags&post=6582"}],"curies":[{"name":"wp","href":"https:\/\/api.w.org\/{rel}","templated":true}]}}