{"id":6588,"date":"2024-04-05T23:27:24","date_gmt":"2024-04-05T21:27:24","guid":{"rendered":"https:\/\/pasaenmendoza.com\/?p=6588"},"modified":"2024-04-05T23:28:43","modified_gmt":"2024-04-05T21:28:43","slug":"la-odisea-de-los-padres-para-inscribirse-en-los-vouchers-educativos-del-gobierno-nacional","status":"publish","type":"post","link":"https:\/\/pasaenmendoza.com\/?p=6588","title":{"rendered":"La odisea de los padres para inscribirse en los vouchers educativos del gobierno nacional"},"content":{"rendered":"\n<p><strong>P\u00e1gina ca\u00edda<\/strong>, escuelas que no se encuentran en las pesta\u00f1as del sistema, pasos que no pueden completarse hasta el fin del proceso, son algunas de las<strong>&nbsp;quejas de los padres&nbsp;<\/strong>que env\u00edan a sus hijos a escuelas con subvenci\u00f3n estatal y&nbsp;<strong>que quieren acceder a los&nbsp;vouchers&nbsp;educativos.<\/strong><\/p>\n\n\n\n<p>En los tres primeros d\u00edas de inscripci\u00f3n, el sitio web&nbsp;<strong>https:\/\/www.argentina.gob.ar\/vouchers-educativos<\/strong><a rel=\"noreferrer noopener\" href=\"https:\/\/voucherseducativos.educacion.gob.ar\/\" target=\"_blank\">&nbsp;<\/a><strong>colaps\u00f3<\/strong>&nbsp;y qued\u00f3 fuera de servicio por momentos. En las \u00faltimas horas, de hecho, desde la p\u00e1gina advirtieron que est\u00e1n trabajando en los inconvenientes y que funcionar\u00eda con normalidad a partir del s\u00e1bado 6 de abril.<\/p>\n\n\n\n<figure class=\"wp-block-image is-resized\"><img decoding=\"async\" loading=\"lazy\" src=\"https:\/\/media.diariouno.com.ar\/p\/b4abbee42172b668b446185e071d2038\/adjuntos\/298\/imagenes\/009\/317\/0009317032\/1200x0\/smart\/voucher-educativo-pagina-caidajpg.jpg\" alt=\"El sitio para acceder a los voucher educativos est\u00e1 ca\u00eddo.\" width=\"982\" height=\"552\" title=\"El sitio para acceder a los voucher educativos est\u00e1 ca\u00eddo.\"\/><\/figure>\n\n\n\n<p>Si bien&nbsp;<strong>hay tiempo hasta el 30<\/strong>, a mediados de este mes las escuelas privadas ir\u00e1n validando las solicitudes de los interesados y evaluando por qu\u00e9 no fueron cargadas otras.<\/p>\n\n\n\n<p>La directora de Educaci\u00f3n Privada, Cecilia Paez reconoci\u00f3 que en las primeras jornadas en las que se habilit\u00f3 la inscripci\u00f3n&nbsp;<strong>hubo muchos problemas<\/strong>, que est\u00e1n siendo reportados a la secretar\u00eda de Educaci\u00f3n de Naci\u00f3n para ser tenidos en cuenta y ser subsanados.<\/p>\n\n\n\n<p><strong>Fuente: www.diariouno.com.ar<\/strong><\/p>\n","protected":false},"excerpt":{"rendered":"<p>P\u00e1gina ca\u00edda, escuelas que no se encuentran en las pesta\u00f1as del sistema, pasos que no pueden completarse hasta el fin del proceso, son algunas de las&nbsp;quejas de los padres&nbsp;que env\u00edan a sus hijos a escuelas con subvenci\u00f3n estatal y&nbsp;que quieren acceder a los&nbsp;vouchers&nbsp;educativos. En los tres primeros d\u00edas de inscripci\u00f3n, el sitio web&nbsp;https:\/\/www.argentina.gob.ar\/vouchers-educativos&nbsp;colaps\u00f3&nbsp;y qued\u00f3 fuera [&hellip;]<\/p>\n","protected":false},"author":2,"featured_media":6591,"comment_status":"open","ping_status":"open","sticky":false,"template":"","format":"standard","meta":[],"categories":[56],"tags":[],"_links":{"self":[{"href":"https:\/\/pasaenmendoza.com\/index.php?rest_route=\/wp\/v2\/posts\/6588"}],"collection":[{"href":"https:\/\/pasaenmendoza.com\/index.php?rest_route=\/wp\/v2\/posts"}],"about":[{"href":"https:\/\/pasaenmendoza.com\/index.php?rest_route=\/wp\/v2\/types\/post"}],"author":[{"embeddable":true,"href":"https:\/\/pasaenmendoza.com\/index.php?rest_route=\/wp\/v2\/users\/2"}],"replies":[{"embeddable":true,"href":"https:\/\/pasaenmendoza.com\/index.php?rest_route=%2Fwp%2Fv2%2Fcomments&post=6588"}],"version-history":[{"count":2,"href":"https:\/\/pasaenmendoza.com\/index.php?rest_route=\/wp\/v2\/posts\/6588\/revisions"}],"predecessor-version":[{"id":6592,"href":"https:\/\/pasaenmendoza.com\/index.php?rest_route=\/wp\/v2\/posts\/6588\/revisions\/6592"}],"wp:featuredmedia":[{"embeddable":true,"href":"https:\/\/pasaenmendoza.com\/index.php?rest_route=\/wp\/v2\/media\/6591"}],"wp:attachment":[{"href":"https:\/\/pasaenmendoza.com\/index.php?rest_route=%2Fwp%2Fv2%2Fmedia&parent=6588"}],"wp:term":[{"taxonomy":"category","embeddable":true,"href":"https:\/\/pasaenmendoza.com\/index.php?rest_route=%2Fwp%2Fv2%2Fcategories&post=6588"},{"taxonomy":"post_tag","embeddable":true,"href":"https:\/\/pasaenmendoza.com\/index.php?rest_route=%2Fwp%2Fv2%2Ftags&post=6588"}],"curies":[{"name":"wp","href":"https:\/\/api.w.org\/{rel}","templated":true}]}}