{"id":659,"date":"2023-08-12T14:51:39","date_gmt":"2023-08-12T12:51:39","guid":{"rendered":"https:\/\/pasaenmendoza.com\/?p=659"},"modified":"2023-08-12T14:51:40","modified_gmt":"2023-08-12T12:51:40","slug":"los-motivos-por-los-que-todavia-no-se-pueden-implementar-los-medidores-de-consumo-de-agua-en-mendoza","status":"publish","type":"post","link":"https:\/\/pasaenmendoza.com\/?p=659","title":{"rendered":"Los motivos por los que todav\u00eda no se pueden implementar los medidores de consumo de agua en Mendoza"},"content":{"rendered":"\n<p>En Mendoza a\u00fan rige la &#8220;canilla libre&#8221; para la mayor\u00eda de los usuarios. Buscan ampliar la cantidad de mediciones, pero la restricci\u00f3n a las importaciones y las urgencias sanitarias lo complican. Cu\u00e1nto se consume, multas y derroche. Cu\u00e1ntos tienen tarifa con medidor aplicado.<\/p>\n\n\n\n<p>Mendoza no tiene\u00a0<strong>agua\u00a0<\/strong>y ante la escasez la variable de ajuste se traslada a la &#8220;demanda&#8221;, es decir al consumo m\u00e1s responsable, a evitar el derroche y las p\u00e9rdidas. Pues en la provincia la mayor\u00eda de los usuarios a\u00fan tienen &#8220;canilla libre&#8221; porque no se puede implementar un sistema de medici\u00f3n.<\/p>\n\n\n\n<p>S\u00f3lo 3 de cada 100 usuarios pagan proporcionalmente por el\u00a0<strong>agua\u00a0<\/strong>que consumen, es decir tienen tarifa con medidor. Otros 6 de cada 100 tienen una cuota fija m\u00e1s un pago por exceso y la gran mayor\u00eda, un 91%, tienen &#8220;canilla libre&#8221;, es decir pagan una cuota fija sin importar la cantidad de\u00a0<strong>agua\u00a0<\/strong>que consuman.\u00a0<\/p>\n\n\n\n<p>La empresa de\u00a0<strong>aguas\u00a0<\/strong>AYSAM busca revertir el sistema para que haya micromedici\u00f3n de consumo. La intenci\u00f3n es que haya al menos 20 mil usuarios que tengan ese tipo de medidores en los pr\u00f3ximos dos a\u00f1os. Pero el contexto lo complica: s\u00f3lo se entregaron 500 medidores con micromedici\u00f3n y esperan que se entreguen los 500 m\u00f3dulos de lectura remota, pero por las restricciones a las importaciones el proceso se demora. En paralelo, tambi\u00e9n est\u00e1 en proceso la adecuaci\u00f3n urbana para instalar los medidores. Es que AYSAM debe romper parte de las veredas para instalar los medidores. Justamente se licitaron esas obras para ejecutarlas.\u00a0<\/p>\n\n\n\n<p>Hasta fines del a\u00f1o pasado hab\u00eda 37.285 usuarios con servicio medido, de los 425 mil usuarios que tiene la empresa. El a\u00f1o pasado\u00a0se instalaron 1311 medidores en toda la provincia que pasaron al r\u00e9gimen de cuota fija m\u00e1s un cobro por exceso volum\u00e9trico (es decir, pagan por el exceso de consumo).<\/p>\n\n\n\n<h2 class=\"wp-block-heading\">En datos<\/h2>\n\n\n\n<p>El orden de prioridades establecido por la Ley de&nbsp;<strong>Aguas&nbsp;<\/strong>indica que el consumo humano es el m\u00e1s importante. Antes el volumen total era irrelevante en cuanto al recurso disponible. Pero con el aumento de la demanda y la ca\u00edda de la oferta de agua, la ecuaci\u00f3n cambi\u00f3 y tambi\u00e9n preocupa la baja disponibilidad de&nbsp;<strong>agua&nbsp;<\/strong>&#8220;cruda&#8221; (el agua que llega de los r\u00edos), sumado al atraso en la infraestructura para potabilizar y transportar.<\/p>\n\n\n\n<p>El a\u00f1o pasado, por ejemplo, AYSAM recibi\u00f3&nbsp; 323.009.828 m3. Es decir, 323 hect\u00f3metros. Es casi el equivalente a un dique potrerillos completo. El consumo por habitante es muy superior al m\u00ednimo necesario para vivir. El&nbsp;<strong>agua&nbsp;<\/strong>le cuesta a AYSAM&nbsp;207 millones de pesos por a\u00f1o. La empresa lo recupera con la tarifa que, ahora s\u00ed, aumenta de manera constante.&nbsp;&nbsp;<\/p>\n\n\n\n<p>La mayor\u00eda de las multas son por mal uso del&nbsp;<strong>agua&nbsp;<\/strong>potable. M\u00e1s de la mitad son por regar jardines, y un 29% por regar veredas. El resto es por regar calles y lavar autos. El a\u00f1o pasado hubo 4551 multas por derroche.<\/p>\n\n\n\n<p>El deterioro en la calidad del servicio es reconocido por la propia empresa y lo adjudican en gran medida a la falta de inversi\u00f3n que hubo desde 1998, a\u00f1o de la privatizaci\u00f3n, y al desfinanciamiento del sistema. Por eso, como ya explic\u00f3 MDZ, hay instalaciones obsoletas. Ese deterioro se nota en la ca\u00edda en cantidad y calidad del servicio. Las zonas abastecidas tienen poca presi\u00f3n o cortes, hay menos expansi\u00f3n y ahora buscan que zonas no servidas puedan estar alcanzadas por el servicio, como ocurre con el pedemonte. En cuanto a la calidad, el a\u00f1o pasado se extrajeron\u00a06581 muestras de\u00a0<strong>agua\u00a0<\/strong>potable en redes de distribuci\u00f3n. &#8220;A las mismas se les realizaron 126.876 determinaciones anal\u00edticas, entre las que se encuentran m\u00e1s de 70 an\u00e1lisis f\u00edsico qu\u00edmicos inorg\u00e1nicos, org\u00e1nicos y bacteriol\u00f3gicos&#8221;, explicaron desde AYSAM. La mayor\u00eda pas\u00f3 la prueba, pero\u00a0 hubo\u00a01355 an\u00e1lisis en los que se detectaron &#8220;apartamientos a las normas de calidad&#8221;.<\/p>\n\n\n\n<p><strong><em>FUENTE:<\/em><\/strong> Mdz Online<\/p>\n","protected":false},"excerpt":{"rendered":"<p>En Mendoza a\u00fan rige la &#8220;canilla libre&#8221; para la mayor\u00eda de los usuarios. Buscan ampliar la cantidad de mediciones, pero la restricci\u00f3n a las importaciones y las urgencias sanitarias lo complican. Cu\u00e1nto se consume, multas y derroche. Cu\u00e1ntos tienen tarifa con medidor aplicado. Mendoza no tiene\u00a0agua\u00a0y ante la escasez la variable de ajuste se traslada [&hellip;]<\/p>\n","protected":false},"author":2,"featured_media":660,"comment_status":"open","ping_status":"open","sticky":true,"template":"","format":"standard","meta":[],"categories":[50],"tags":[],"_links":{"self":[{"href":"https:\/\/pasaenmendoza.com\/index.php?rest_route=\/wp\/v2\/posts\/659"}],"collection":[{"href":"https:\/\/pasaenmendoza.com\/index.php?rest_route=\/wp\/v2\/posts"}],"about":[{"href":"https:\/\/pasaenmendoza.com\/index.php?rest_route=\/wp\/v2\/types\/post"}],"author":[{"embeddable":true,"href":"https:\/\/pasaenmendoza.com\/index.php?rest_route=\/wp\/v2\/users\/2"}],"replies":[{"embeddable":true,"href":"https:\/\/pasaenmendoza.com\/index.php?rest_route=%2Fwp%2Fv2%2Fcomments&post=659"}],"version-history":[{"count":1,"href":"https:\/\/pasaenmendoza.com\/index.php?rest_route=\/wp\/v2\/posts\/659\/revisions"}],"predecessor-version":[{"id":661,"href":"https:\/\/pasaenmendoza.com\/index.php?rest_route=\/wp\/v2\/posts\/659\/revisions\/661"}],"wp:featuredmedia":[{"embeddable":true,"href":"https:\/\/pasaenmendoza.com\/index.php?rest_route=\/wp\/v2\/media\/660"}],"wp:attachment":[{"href":"https:\/\/pasaenmendoza.com\/index.php?rest_route=%2Fwp%2Fv2%2Fmedia&parent=659"}],"wp:term":[{"taxonomy":"category","embeddable":true,"href":"https:\/\/pasaenmendoza.com\/index.php?rest_route=%2Fwp%2Fv2%2Fcategories&post=659"},{"taxonomy":"post_tag","embeddable":true,"href":"https:\/\/pasaenmendoza.com\/index.php?rest_route=%2Fwp%2Fv2%2Ftags&post=659"}],"curies":[{"name":"wp","href":"https:\/\/api.w.org\/{rel}","templated":true}]}}