{"id":6602,"date":"2024-04-08T15:01:20","date_gmt":"2024-04-08T13:01:20","guid":{"rendered":"https:\/\/pasaenmendoza.com\/?p=6602"},"modified":"2024-04-08T15:01:21","modified_gmt":"2024-04-08T13:01:21","slug":"lunes-calido-y-soleado","status":"publish","type":"post","link":"https:\/\/pasaenmendoza.com\/?p=6602","title":{"rendered":"Lunes c\u00e1lido y soleado"},"content":{"rendered":"\n<p><strong>Este lunes sigue el tiempo fresco por la ma\u00f1ana y caluroso despu\u00e9s del mediod\u00eda,\u00a0<\/strong>con cielo algo nublado.<\/p>\n\n\n\n<p>Seg\u00fan el&nbsp;<strong>SMN<\/strong>, en el Gran Mendoza la m\u00e1xima llegar\u00e1 hoy a los<strong>&nbsp;28\u00b0&nbsp;<\/strong>y la humedad relativa del ambiente se mantiene cerca del 80%.<\/p>\n\n\n\n<p>El cielo permanece parcialmente con algunas nubes y sopla leve viento del sureste que, luego del mediod\u00eda, ser\u00e1 del noreste, alzando la temperatura.<\/p>\n\n\n\n<p>Para ma\u00f1ana martes, el pron\u00f3stico indica descenso de temperatura con una m\u00e1xima de&nbsp;<strong>23\u00b0<\/strong>, y cielo mayormente nublado con viento del sureste.<\/p>\n\n\n\n<p>El mi\u00e9rcoles habr\u00e1 un marcado descenso de temeratura que ubicar\u00e1 a las m\u00e1ximas en los\u00a0<strong>14 grados<\/strong>\u00a0hasta el jueves. El resto de la semana se mantendr\u00e1 fresco.<\/p>\n\n\n\n<p><strong>Fuente: www.mendozapost.com<\/strong><\/p>\n","protected":false},"excerpt":{"rendered":"<p>Este lunes sigue el tiempo fresco por la ma\u00f1ana y caluroso despu\u00e9s del mediod\u00eda,\u00a0con cielo algo nublado. Seg\u00fan el&nbsp;SMN, en el Gran Mendoza la m\u00e1xima llegar\u00e1 hoy a los&nbsp;28\u00b0&nbsp;y la humedad relativa del ambiente se mantiene cerca del 80%. El cielo permanece parcialmente con algunas nubes y sopla leve viento del sureste que, luego del [&hellip;]<\/p>\n","protected":false},"author":2,"featured_media":6603,"comment_status":"open","ping_status":"open","sticky":false,"template":"","format":"standard","meta":[],"categories":[52],"tags":[],"_links":{"self":[{"href":"https:\/\/pasaenmendoza.com\/index.php?rest_route=\/wp\/v2\/posts\/6602"}],"collection":[{"href":"https:\/\/pasaenmendoza.com\/index.php?rest_route=\/wp\/v2\/posts"}],"about":[{"href":"https:\/\/pasaenmendoza.com\/index.php?rest_route=\/wp\/v2\/types\/post"}],"author":[{"embeddable":true,"href":"https:\/\/pasaenmendoza.com\/index.php?rest_route=\/wp\/v2\/users\/2"}],"replies":[{"embeddable":true,"href":"https:\/\/pasaenmendoza.com\/index.php?rest_route=%2Fwp%2Fv2%2Fcomments&post=6602"}],"version-history":[{"count":1,"href":"https:\/\/pasaenmendoza.com\/index.php?rest_route=\/wp\/v2\/posts\/6602\/revisions"}],"predecessor-version":[{"id":6604,"href":"https:\/\/pasaenmendoza.com\/index.php?rest_route=\/wp\/v2\/posts\/6602\/revisions\/6604"}],"wp:featuredmedia":[{"embeddable":true,"href":"https:\/\/pasaenmendoza.com\/index.php?rest_route=\/wp\/v2\/media\/6603"}],"wp:attachment":[{"href":"https:\/\/pasaenmendoza.com\/index.php?rest_route=%2Fwp%2Fv2%2Fmedia&parent=6602"}],"wp:term":[{"taxonomy":"category","embeddable":true,"href":"https:\/\/pasaenmendoza.com\/index.php?rest_route=%2Fwp%2Fv2%2Fcategories&post=6602"},{"taxonomy":"post_tag","embeddable":true,"href":"https:\/\/pasaenmendoza.com\/index.php?rest_route=%2Fwp%2Fv2%2Ftags&post=6602"}],"curies":[{"name":"wp","href":"https:\/\/api.w.org\/{rel}","templated":true}]}}