{"id":6614,"date":"2024-04-09T15:12:05","date_gmt":"2024-04-09T13:12:05","guid":{"rendered":"https:\/\/pasaenmendoza.com\/?p=6614"},"modified":"2024-04-09T15:12:07","modified_gmt":"2024-04-09T13:12:07","slug":"un-municipio-aumentara-las-tasas-cada-dos-meses-segun-el-ipc","status":"publish","type":"post","link":"https:\/\/pasaenmendoza.com\/?p=6614","title":{"rendered":"Un municipio aumentar\u00e1 las tasas cada dos meses seg\u00fan el IPC"},"content":{"rendered":"\n<p>El Concejo Deliberante de una comuna sure\u00f1a decidi\u00f3 subir las unidades tributarias de forma bimestral. Rompi\u00f3 con una tradicional de no actualizaci\u00f3n porque sus ingresos provienen de otros rubros.<\/p>\n\n\n\n<p>El Concejo Deliberante de\u00a0<strong>Malarg\u00fce\u00a0<\/strong>aprob\u00f3 el pasado jueves 4 de abril\u00a0la nueva\u00a0<strong>tarifaria municipal.<\/strong>\u00a0Por primera vez, el departamento que ha vivido hist\u00f3ricamente de las regal\u00edas y de la coparticipaci\u00f3n, actualizar\u00e1 las<strong>\u00a0tasas\u00a0<\/strong>de forma bimestral y las har\u00e1\u00a0depender del \u00edndice de precio al consumidor de la Direcci\u00f3n de Estad\u00edsticas de la provincia de Mendoza. Este proyecto fue impulsado por el intendente Celso Jaque (PJ) con el objetivo de ordenar las cuentas\u00a0<strong>municipales<\/strong>\u00a0y\u00a0<strong>aumentar<\/strong>\u00a0la masa de contribuyentes. A la suba s\u00f3lo se opusieron dos concejales quienes\u00a0aseguran que hay\u00a0<strong>aumentos<\/strong>\u00a0del hasta el 4000% y que lejos de subir la recaudaci\u00f3n, incrementar\u00e1 la morosidad.\u00a0<\/p>\n\n\n\n<p>La\u00a0<strong>tarifaria<\/strong>\u00a0se compone de m\u00e1s de 140 art\u00edculos.\u00a0En la sesi\u00f3n,\u00a0Rodrigo Hidalgo, presidente del Concejo\u00a0expres\u00f3:\u00a0\u201cEra necesario ordenar todo esto porque la municipalidad no est\u00e1 cubriendo los costos m\u00ednimos para poder brindar los servicios que los vecinos demandan o necesitan\u201d. Adem\u00e1s cont\u00f3 que:\u00a0&#8220;El intendente argument\u00f3 la intenci\u00f3n de\u00a0<strong>aumentar<\/strong>\u00a0la masa de contribuyentes, es decir de hacernos de la cultura de que las tasas y servicios hay que pagarlos\u201d. La tarifaria no se actualizaba desde el 2022, por lo tanto hab\u00edan valores muy atrasados.\u00a0<\/p>\n\n\n\n<p>Por su parte, la concejal Magal\u00ed Acosta resalt\u00f3 las reuniones con el Ejecutivo y con la C\u00e1mara de Comercio para analizar la iniciativa oficialista\u00a0Destac\u00f3 que el \u00faltimo proyecto de\u00a0<strong>tarifaria<\/strong>\u00a0fue redactado en diciembre del 2021:\u00a0\u201cVenimos con una acumulaci\u00f3n de inflaci\u00f3n de m\u00e1s del 600%\u201ddijo.\u00a0Seg\u00fan indicaron los ediles,\u00a0el valor de pesos por la unidad tributaria municipal que se crea a partir de ahora con un valor de $40, con actualizaci\u00f3n bimestral y que va a depender del \u00edndice de precio al consumidor de la Direcci\u00f3n de Estad\u00edsticas de la provincia de Mendoza. Adem\u00e1s, se apunta a la reorganizaci\u00f3n de zonas, y por otro lado, habr\u00e1 descuentos para las empresas e industrias que solicitan un 70% de contrataci\u00f3n en mano de obra malarg\u00fcina.<\/p>\n\n\n\n<p>\u00a0Los concejales Silvina Camiolo de Reconstruyendo Malarg\u00fce y Mart\u00edn Palma de UCR Independiente, votaron en contra de los\u00a0<strong>aumentos<\/strong>\u00a0actualizados por el IPC.Camiolo asegur\u00f3: &#8220;Se\u00a0plantean subas\u00a0cada dos meses y me opuse rotundamente porque en la nota de elevaci\u00f3n del proyecto, Jaque dice que tiene dos objetivos esta<strong>\u00a0tarifaria<\/strong>. Uno, ordenar las arcas y dos,\u00a0<strong>aumentar\u00a0<\/strong>la masa de contribuyentes. No dice aumentar la recaudaci\u00f3n. El tema es que al poner\u00a0<strong>aumentos<\/strong>\u00a0cada dos meses, en realidad lo que se va\u00a0a fomentar es que cada vez menos gente las pueda pagar y se generar\u00e1\u00a0m\u00e1s perjuicio a los peque\u00f1os contribuyentes. Entonces\u00a0me opuse desde el primer d\u00eda a que el\u00a0<strong>aumento<\/strong>\u00a0sea bimestral. Por otro lado,\u00a0<strong>Malarg\u00fce<\/strong>\u00a0nunca tuvo\u00a0<strong>tasas\u00a0<\/strong>con aumento, siempre fueron\u00a0<strong>tasas<\/strong>\u00a0fijas. Los presupuestos y las\u00a0<strong>tarifarias<\/strong>\u00a0se aprobaban una vez al a\u00f1o,\u00a0y no se aumentaban. Entonces si se quer\u00eda hacer alg\u00fan tipo de prueba se podr\u00eda haber propuesto que los incrementos\u00a0de la<strong>\u00a0tasas\u00a0<\/strong>fueran cada seis meses, no cada dos meses&#8221;.<\/p>\n\n\n\n<p>Adem\u00e1s, la concejal agreg\u00f3: &#8220;La recaudaci\u00f3n impositiva que tenemos no representa ni el 10% del presupuesto total de gastos, es decir, que es un municipio que se abastece por las regal\u00edas y la coparticipaci\u00f3n y no por lo que recauda. Pero eso ha sido hist\u00f3ricamente.\u00a0La recaudaci\u00f3n alcanz\u00f3 para autoabastecerse y para hacer obra p\u00fablica. Entonces, no entendemos por qu\u00e9 de golpe\u00a0las actualizaciones son\u00a0bimestrales y usando el IPC, que es el \u00edndice de precios al consumidor, que es un registro que maneja la provincia, es decir, que es un registro provincial donde los \u00edndices de precios son muy distintos para lo que es la provincia que para lo que es el funcionamiento municipal&#8221;, finaliz\u00f3<\/p>\n\n\n\n<p>Esta semana se implementar\u00e1 la<strong>\u00a0tarifaria<\/strong>\u00a0vigente para que la gente del departamento\u00a0se acerquen a pagar. Habr\u00e1 descuentos: quien tenga al d\u00eda las tasas a diciembre del 223, tendr\u00e1 un 5% m\u00e1s de descuento, por lo que aplicar\u00e1n un 20% menos al monto final.<\/p>\n\n\n\n<p>FUENTE: MDZonline.<\/p>\n","protected":false},"excerpt":{"rendered":"<p>El Concejo Deliberante de una comuna sure\u00f1a decidi\u00f3 subir las unidades tributarias de forma bimestral. Rompi\u00f3 con una tradicional de no actualizaci\u00f3n porque sus ingresos provienen de otros rubros. El Concejo Deliberante de\u00a0Malarg\u00fce\u00a0aprob\u00f3 el pasado jueves 4 de abril\u00a0la nueva\u00a0tarifaria municipal.\u00a0Por primera vez, el departamento que ha vivido hist\u00f3ricamente de las regal\u00edas y de la [&hellip;]<\/p>\n","protected":false},"author":2,"featured_media":6621,"comment_status":"open","ping_status":"open","sticky":true,"template":"","format":"standard","meta":[],"categories":[47],"tags":[],"_links":{"self":[{"href":"https:\/\/pasaenmendoza.com\/index.php?rest_route=\/wp\/v2\/posts\/6614"}],"collection":[{"href":"https:\/\/pasaenmendoza.com\/index.php?rest_route=\/wp\/v2\/posts"}],"about":[{"href":"https:\/\/pasaenmendoza.com\/index.php?rest_route=\/wp\/v2\/types\/post"}],"author":[{"embeddable":true,"href":"https:\/\/pasaenmendoza.com\/index.php?rest_route=\/wp\/v2\/users\/2"}],"replies":[{"embeddable":true,"href":"https:\/\/pasaenmendoza.com\/index.php?rest_route=%2Fwp%2Fv2%2Fcomments&post=6614"}],"version-history":[{"count":1,"href":"https:\/\/pasaenmendoza.com\/index.php?rest_route=\/wp\/v2\/posts\/6614\/revisions"}],"predecessor-version":[{"id":6622,"href":"https:\/\/pasaenmendoza.com\/index.php?rest_route=\/wp\/v2\/posts\/6614\/revisions\/6622"}],"wp:featuredmedia":[{"embeddable":true,"href":"https:\/\/pasaenmendoza.com\/index.php?rest_route=\/wp\/v2\/media\/6621"}],"wp:attachment":[{"href":"https:\/\/pasaenmendoza.com\/index.php?rest_route=%2Fwp%2Fv2%2Fmedia&parent=6614"}],"wp:term":[{"taxonomy":"category","embeddable":true,"href":"https:\/\/pasaenmendoza.com\/index.php?rest_route=%2Fwp%2Fv2%2Fcategories&post=6614"},{"taxonomy":"post_tag","embeddable":true,"href":"https:\/\/pasaenmendoza.com\/index.php?rest_route=%2Fwp%2Fv2%2Ftags&post=6614"}],"curies":[{"name":"wp","href":"https:\/\/api.w.org\/{rel}","templated":true}]}}