{"id":6615,"date":"2024-04-09T15:07:42","date_gmt":"2024-04-09T13:07:42","guid":{"rendered":"https:\/\/pasaenmendoza.com\/?p=6615"},"modified":"2024-04-09T15:07:44","modified_gmt":"2024-04-09T13:07:44","slug":"el-tiempo-en-mendoza-martes-ventoso-con-marcado-descenso-de-la-temperatura","status":"publish","type":"post","link":"https:\/\/pasaenmendoza.com\/?p=6615","title":{"rendered":"El tiempo en Mendoza: martes ventoso, con marcado descenso de la temperatura"},"content":{"rendered":"\n<p>Este\u00a0<strong>martes<\/strong>\u00a0se presenta en el Gran Mendoza con cielo parcialmente nublado, ventoso y\u00a0<mark>marcado descenso de la temperatura<\/mark>, que oscilar\u00e1 entre los 16 y los 23 grados. Adem\u00e1s, se pronostican precipitaciones aisladas y el ingreso de un sistema frontal.<\/p>\n\n\n\n<p>Para este&nbsp;<strong>mi\u00e9rcoles,<\/strong>&nbsp;la&nbsp;<strong>Direcci\u00f3n de Contingencias Clim\u00e1ticas<\/strong>&nbsp;indica:&nbsp;<em>\u201cCielo mayormente nublado y fr\u00ed\u00ado, con descenso de la temperatura, vientos moderados del sudeste. Nevadas en cordillera\u201d.&nbsp;<\/em><mark>La m\u00ednima ser\u00e1 de 9 grados y la m\u00e1xima de 12.<\/mark><\/p>\n\n\n\n<p>Mientras que el\u00a0<strong>jueves<\/strong>\u00a0estar\u00e1 con cielo parcialmente nublado y fr\u00ed\u00ado, vientos leves del noreste. Nevadas en cordillera.<mark>\u00a0La m\u00ednima ser\u00e1 de 7 grados y la m\u00e1xima de 12.<\/mark><\/p>\n\n\n\n<h2 class=\"wp-block-heading\" id=\"h-la-situacion-en-alta-montana\">La situaci\u00f3n en alta monta\u00f1a<\/h2>\n\n\n\n<p>El\u00a0<strong>Sistema Integrado Cristo Redentor<\/strong>\u00a0se encuentra\u00a0<mark>habilitado<\/mark>\u00a0para todo tipo de veh\u00edculos, durante las 24 horas.<\/p>\n\n\n\n<p>El\u00a0<strong>paso Pehuenche<\/strong>\u00a0est\u00e1\u00a0<mark>transitable<\/mark>, de 9 a 19.<\/p>\n\n\n\n<p><strong>Fuente: www.elsol.com.ar<\/strong><\/p>\n","protected":false},"excerpt":{"rendered":"<p>Este\u00a0martes\u00a0se presenta en el Gran Mendoza con cielo parcialmente nublado, ventoso y\u00a0marcado descenso de la temperatura, que oscilar\u00e1 entre los 16 y los 23 grados. Adem\u00e1s, se pronostican precipitaciones aisladas y el ingreso de un sistema frontal. Para este&nbsp;mi\u00e9rcoles,&nbsp;la&nbsp;Direcci\u00f3n de Contingencias Clim\u00e1ticas&nbsp;indica:&nbsp;\u201cCielo mayormente nublado y fr\u00ed\u00ado, con descenso de la temperatura, vientos moderados del sudeste. [&hellip;]<\/p>\n","protected":false},"author":2,"featured_media":6616,"comment_status":"open","ping_status":"open","sticky":false,"template":"","format":"standard","meta":[],"categories":[52],"tags":[],"_links":{"self":[{"href":"https:\/\/pasaenmendoza.com\/index.php?rest_route=\/wp\/v2\/posts\/6615"}],"collection":[{"href":"https:\/\/pasaenmendoza.com\/index.php?rest_route=\/wp\/v2\/posts"}],"about":[{"href":"https:\/\/pasaenmendoza.com\/index.php?rest_route=\/wp\/v2\/types\/post"}],"author":[{"embeddable":true,"href":"https:\/\/pasaenmendoza.com\/index.php?rest_route=\/wp\/v2\/users\/2"}],"replies":[{"embeddable":true,"href":"https:\/\/pasaenmendoza.com\/index.php?rest_route=%2Fwp%2Fv2%2Fcomments&post=6615"}],"version-history":[{"count":1,"href":"https:\/\/pasaenmendoza.com\/index.php?rest_route=\/wp\/v2\/posts\/6615\/revisions"}],"predecessor-version":[{"id":6617,"href":"https:\/\/pasaenmendoza.com\/index.php?rest_route=\/wp\/v2\/posts\/6615\/revisions\/6617"}],"wp:featuredmedia":[{"embeddable":true,"href":"https:\/\/pasaenmendoza.com\/index.php?rest_route=\/wp\/v2\/media\/6616"}],"wp:attachment":[{"href":"https:\/\/pasaenmendoza.com\/index.php?rest_route=%2Fwp%2Fv2%2Fmedia&parent=6615"}],"wp:term":[{"taxonomy":"category","embeddable":true,"href":"https:\/\/pasaenmendoza.com\/index.php?rest_route=%2Fwp%2Fv2%2Fcategories&post=6615"},{"taxonomy":"post_tag","embeddable":true,"href":"https:\/\/pasaenmendoza.com\/index.php?rest_route=%2Fwp%2Fv2%2Ftags&post=6615"}],"curies":[{"name":"wp","href":"https:\/\/api.w.org\/{rel}","templated":true}]}}