{"id":662,"date":"2023-08-12T14:59:41","date_gmt":"2023-08-12T12:59:41","guid":{"rendered":"https:\/\/pasaenmendoza.com\/?p=662"},"modified":"2023-08-12T14:59:42","modified_gmt":"2023-08-12T12:59:42","slug":"estos-son-los-precandidatos-de-las-8-listas-que-lleva-mendoza-como-diputados","status":"publish","type":"post","link":"https:\/\/pasaenmendoza.com\/?p=662","title":{"rendered":"Estos son los precandidatos de las 8 listas que lleva Mendoza como Diputados"},"content":{"rendered":"\n<p>n las elecciones Nacionales PASO de este domingo 13 de agosto, ser\u00e1n 1.492.379 los electores que deber\u00e1n votar, seg\u00fan el Padr\u00f3n Electoral, para renovar las 5 bancas que tiene la provincia en la c\u00e1mara Baja del Congreso de la Naci\u00f3n. En detalle, los precandidatos de los 8 frentes.<\/p>\n\n\n\n<p>Este domingo 13 de agosto hay\u00a0<strong>elecciones<\/strong>\u00a0Primarias, Abiertas, Simult\u00e1neas y Obligatorias (PASO)\u00a0en toda la Rep\u00fablica Argentina. All\u00ed, adem\u00e1s de los precandidatos a la Presidencia, los mendocinos deber\u00e1n tambi\u00e9n votar para renovar las\u00a0<strong>5 bancas<\/strong>\u00a0que tiene la provincia en la c\u00e1mara Baja del Congreso de la Naci\u00f3n.<\/p>\n\n\n\n<p>Son 1.492.379 las personas que, seg\u00fan el Padr\u00f3n Electoral, tienen este domingo la obligaci\u00f3n de asistir a las urnas en las 4.357 mesas dentro de las 646 escuelas que estar\u00e1n habilitadas en&nbsp;<strong>Mendoza<\/strong>&nbsp;para sufragar.<\/p>\n\n\n\n<p>Dec\u00edamos que nuestra provincia que tiene, en total, 10 representantes en Diputados de la Naci\u00f3n renovar\u00e1 en esta oportunidad la mitad de sus bancas.<\/p>\n\n\n\n<p>Yendo a lo espec\u00edficamente partidario, se renuevan dos bancas que actualmente tiene Cambia Mendoza, las de\u00a0<strong>Lisandro Nieri y Jimena Latorre<\/strong>; la de quien actualmente liderada el espacio llamado La Uni\u00f3n Mendocina,\u00a0<strong>Omar De Marchi<\/strong>; y la del ex Frente de Todos (actual Uni\u00f3n por la Patria), en donde est\u00e1n\u00a0<strong>Eber P\u00e9rez Plaza\u00a0<\/strong>y<strong>\u00a0Marisa Uceda<\/strong>.<\/p>\n\n\n\n<p>As\u00ed es que ahora, para estas PASO, son\u00a0<strong>8 las listas para diputados nacionales por Mendoza<\/strong>, que est\u00e1n distribuidas en 7 partidos. \u00danicamente el Frente de Izquierda-Unidad tendr\u00e1 competencia interna para definir a sus candidatos.<\/p>\n\n\n\n<p>Desde\u00a0<strong>Cambia Mendoza\u00a0<\/strong>(CM), la alianza del oficialismo provincial, ir\u00e1\u00a0<strong>Lisandro Nieri<\/strong>\u00a0(aspira a renovar) en primer lugar, luego\u00a0<strong>Patricia Gim\u00e9nez, V\u00edctor Ib\u00e1\u00f1ez, Hebe V\u00e1zquez Viera<\/strong>\u00a0y, en quinto t\u00e9rmino,\u00a0<strong>Pablo Zapata<\/strong>.<\/p>\n\n\n\n<p><strong><em>FUENTE:<\/em><\/strong> Mendozapost.com<\/p>\n","protected":false},"excerpt":{"rendered":"<p>n las elecciones Nacionales PASO de este domingo 13 de agosto, ser\u00e1n 1.492.379 los electores que deber\u00e1n votar, seg\u00fan el Padr\u00f3n Electoral, para renovar las 5 bancas que tiene la provincia en la c\u00e1mara Baja del Congreso de la Naci\u00f3n. En detalle, los precandidatos de los 8 frentes. Este domingo 13 de agosto hay\u00a0elecciones\u00a0Primarias, Abiertas, [&hellip;]<\/p>\n","protected":false},"author":2,"featured_media":663,"comment_status":"open","ping_status":"open","sticky":true,"template":"","format":"standard","meta":[],"categories":[47],"tags":[],"_links":{"self":[{"href":"https:\/\/pasaenmendoza.com\/index.php?rest_route=\/wp\/v2\/posts\/662"}],"collection":[{"href":"https:\/\/pasaenmendoza.com\/index.php?rest_route=\/wp\/v2\/posts"}],"about":[{"href":"https:\/\/pasaenmendoza.com\/index.php?rest_route=\/wp\/v2\/types\/post"}],"author":[{"embeddable":true,"href":"https:\/\/pasaenmendoza.com\/index.php?rest_route=\/wp\/v2\/users\/2"}],"replies":[{"embeddable":true,"href":"https:\/\/pasaenmendoza.com\/index.php?rest_route=%2Fwp%2Fv2%2Fcomments&post=662"}],"version-history":[{"count":1,"href":"https:\/\/pasaenmendoza.com\/index.php?rest_route=\/wp\/v2\/posts\/662\/revisions"}],"predecessor-version":[{"id":664,"href":"https:\/\/pasaenmendoza.com\/index.php?rest_route=\/wp\/v2\/posts\/662\/revisions\/664"}],"wp:featuredmedia":[{"embeddable":true,"href":"https:\/\/pasaenmendoza.com\/index.php?rest_route=\/wp\/v2\/media\/663"}],"wp:attachment":[{"href":"https:\/\/pasaenmendoza.com\/index.php?rest_route=%2Fwp%2Fv2%2Fmedia&parent=662"}],"wp:term":[{"taxonomy":"category","embeddable":true,"href":"https:\/\/pasaenmendoza.com\/index.php?rest_route=%2Fwp%2Fv2%2Fcategories&post=662"},{"taxonomy":"post_tag","embeddable":true,"href":"https:\/\/pasaenmendoza.com\/index.php?rest_route=%2Fwp%2Fv2%2Ftags&post=662"}],"curies":[{"name":"wp","href":"https:\/\/api.w.org\/{rel}","templated":true}]}}