{"id":6623,"date":"2024-04-09T15:15:52","date_gmt":"2024-04-09T13:15:52","guid":{"rendered":"https:\/\/pasaenmendoza.com\/?p=6623"},"modified":"2024-04-09T15:15:53","modified_gmt":"2024-04-09T13:15:53","slug":"multaron-a-un-intendente-mendocino-por-irregularidades-en-tres-licitaciones","status":"publish","type":"post","link":"https:\/\/pasaenmendoza.com\/?p=6623","title":{"rendered":"Multaron a un intendente mendocino por irregularidades en tres licitaciones"},"content":{"rendered":"\n<p>El Tribunal de Cuentas sancion\u00f3 econ\u00f3micamente a un jefe comunal peronista y a parte de su gabinete por anomal\u00edas detectadas en el ejercicio 2022.<\/p>\n\n\n\n<p><strong>Fernando Ubieta<\/strong>, intendente de La Paz y parte de su gabinete municipal, fueron sancionados econ\u00f3micamente por el&nbsp;<strong>Tribunal de Cuentas<\/strong>&nbsp;por irregularidades en el balance que present\u00f3 el municipio en 2022.<\/p>\n\n\n\n<p>Tanto el jefe comunal como su secretario de Gobierno,\u00a0<strong>Franco Albano Gil<\/strong>, y el responsable de la cartera de Hacienda,\u00a0<strong>Exequiel Vespa<\/strong>,\u00a0<mark>deber\u00e1n pagar una multa de $30.000 cada uno<\/mark>. Mientras que el contador general del municipio,\u00a0<strong>Juan Manuel Espin\u00a0<\/strong>y el director de Compras y Suministros,\u00a0<strong>Pablo Alcar\u00e1z<\/strong>,\u00a0<mark>tendr\u00e1n que abonar $120.000,<\/mark>\u00a0respectivamente. Todos cuentan con 30 d\u00edas h\u00e1biles para abonar la multa.<\/p>\n\n\n\n<p>En el\u00a0<strong>fallo 18.004<\/strong>, del 21 de febrero de 2024, el \u00f3rgano de control presidido por\u00a0<strong>N\u00e9stor Par\u00e9s<\/strong>\u00a0detall\u00f3 las irregularidades detectadas en el ejercicio administrativo-financiero\u00a02022 de la\u00a0<strong>Municipalidad de La Paz<\/strong>.<\/p>\n\n\n\n<p>Una de las anomal\u00edas apunta a la contrataci\u00f3n y pago de artistas para la realizaci\u00f3n de la fiesta departamental de la vendimia de ese a\u00f1o. Seg\u00fan se destaca en el fallo, el decreto municipal 093\/2022 adjudic\u00f3 la oferta alternativa de la&nbsp;<em>\u201cAsociaci\u00f3n Mendocina de la Danza\u201d&nbsp;<\/em>por un valor de<mark>&nbsp;$39.722.000<\/mark>&nbsp;y no la oferta m\u00e1s econ\u00f3mica de $38.400.000, sin fundamento alguno.<\/p>\n\n\n\n<p>En su descargo, el municipio explic\u00f3 que se adjudic\u00f3 la oferta alternativa por ser conveniente desde el punto de vista financiero. Adem\u00e1s, porque el oferente dispon\u00eda de material el\u00e9ctrico que de otra forma el Municipio deb\u00eda adquirirlos en expediente aparte, adem\u00e1s del escaso tiempo que se dispon\u00eda por la proximidad del evento.<\/p>\n\n\n\n<h2 class=\"wp-block-heading\" id=\"h-el-fallo-del-matadero-municipal\">El fallo del matadero municipal<\/h2>\n\n\n\n<p>Otra irregularidad que encontr\u00f3 el Tribunal de \u00c9tica apunt\u00f3 a la construcci\u00f3n de c\u00e1maras frigor\u00edficas del Matadero Municipal. El fallo remarca que en la convocatoria a la licitaci\u00f3n p\u00fablica, la Municipalidad se bas\u00f3 en presupuesto presentado por la firma Friolatina S.A. con una cotizaci\u00f3n de $2.098.670 (sin IVA).<\/p>\n\n\n\n<p>Ya con la propuesta de la firma, Ubieta llam\u00f3 a la contrataci\u00f3n directa y d\u00edas m\u00e1s tarde la declar\u00f3 desierta, autorizando una nueva presentaci\u00f3n de ofertas en la que Friolatina elev\u00f3 una cotizaci\u00f3n de 3.795.300 (sin IVA).<\/p>\n\n\n\n<p>Un mes m\u00e1s tarde, la Secretar\u00eda de Hacienda&nbsp;<mark>autoriza la contrataci\u00f3n directa con la empresa Friolatina S.A. para la construcci\u00f3n de c\u00e1maras frigor\u00edficas del matadero Municipal por la suma de $4.193.806,50 millones<\/mark>, abonando el 40% de manera anticipada.<\/p>\n\n\n\n<p>Frente a esta situaci\u00f3n, el Tribunal de Cuenta detect\u00f3 fallos en la fabricaci\u00f3n de las c\u00e1maras frigor\u00edficas como de la falta de construcci\u00f3n de un galp\u00f3n que fue solicitado en la licitaci\u00f3n. Tampoco se dio cumplimiento a los plazos previstos en los pliegos licitatorios para la entrega de las mismas.<\/p>\n\n\n\n<h2 class=\"wp-block-heading\" id=\"h-deficiencias-en-la-contratacion-de-servicios\">Deficiencias en la contrataci\u00f3n de servicios<\/h2>\n\n\n\n<p>Se trata de una contrataci\u00f3n directa de la Asociaci\u00f3n Mendocina de Profesionales de la Danza por&nbsp;<mark>$5.000.000 para la celebraci\u00f3n del d\u00eda de la persona jubilada que se realiz\u00f3 en octubre de 2022<\/mark>. Ese presupuesto incluy\u00f3 la producci\u00f3n, idealizaci\u00f3n, puesta en escena, provisi\u00f3n de sonidos, luces, estructuras y techos, generador de corriente, pantalla led, carpas, gazebos, mesas y sillas, servicio de catering para 500 personas, servicio de movilidad y de emergencias del evento.<\/p>\n\n\n\n<p>Una de las anomal\u00edas destac\u00f3 que todos los presupuestos solicitados correspond\u00edan a fechas posteriores a la adjudicaci\u00f3n y a la firma del contrato.<\/p>\n\n\n\n<p>FUENTE: Elsol.com.ar <\/p>\n","protected":false},"excerpt":{"rendered":"<p>El Tribunal de Cuentas sancion\u00f3 econ\u00f3micamente a un jefe comunal peronista y a parte de su gabinete por anomal\u00edas detectadas en el ejercicio 2022. Fernando Ubieta, intendente de La Paz y parte de su gabinete municipal, fueron sancionados econ\u00f3micamente por el&nbsp;Tribunal de Cuentas&nbsp;por irregularidades en el balance que present\u00f3 el municipio en 2022. Tanto el [&hellip;]<\/p>\n","protected":false},"author":2,"featured_media":6627,"comment_status":"open","ping_status":"open","sticky":true,"template":"","format":"standard","meta":[],"categories":[47],"tags":[],"_links":{"self":[{"href":"https:\/\/pasaenmendoza.com\/index.php?rest_route=\/wp\/v2\/posts\/6623"}],"collection":[{"href":"https:\/\/pasaenmendoza.com\/index.php?rest_route=\/wp\/v2\/posts"}],"about":[{"href":"https:\/\/pasaenmendoza.com\/index.php?rest_route=\/wp\/v2\/types\/post"}],"author":[{"embeddable":true,"href":"https:\/\/pasaenmendoza.com\/index.php?rest_route=\/wp\/v2\/users\/2"}],"replies":[{"embeddable":true,"href":"https:\/\/pasaenmendoza.com\/index.php?rest_route=%2Fwp%2Fv2%2Fcomments&post=6623"}],"version-history":[{"count":1,"href":"https:\/\/pasaenmendoza.com\/index.php?rest_route=\/wp\/v2\/posts\/6623\/revisions"}],"predecessor-version":[{"id":6628,"href":"https:\/\/pasaenmendoza.com\/index.php?rest_route=\/wp\/v2\/posts\/6623\/revisions\/6628"}],"wp:featuredmedia":[{"embeddable":true,"href":"https:\/\/pasaenmendoza.com\/index.php?rest_route=\/wp\/v2\/media\/6627"}],"wp:attachment":[{"href":"https:\/\/pasaenmendoza.com\/index.php?rest_route=%2Fwp%2Fv2%2Fmedia&parent=6623"}],"wp:term":[{"taxonomy":"category","embeddable":true,"href":"https:\/\/pasaenmendoza.com\/index.php?rest_route=%2Fwp%2Fv2%2Fcategories&post=6623"},{"taxonomy":"post_tag","embeddable":true,"href":"https:\/\/pasaenmendoza.com\/index.php?rest_route=%2Fwp%2Fv2%2Ftags&post=6623"}],"curies":[{"name":"wp","href":"https:\/\/api.w.org\/{rel}","templated":true}]}}