{"id":6624,"date":"2024-04-09T15:15:12","date_gmt":"2024-04-09T13:15:12","guid":{"rendered":"https:\/\/pasaenmendoza.com\/?p=6624"},"modified":"2024-04-09T15:15:14","modified_gmt":"2024-04-09T13:15:14","slug":"resolvieron-el-caso-del-delivery-que-abatio-a-un-asaltante-en-ciudad-en-tiempo-record","status":"publish","type":"post","link":"https:\/\/pasaenmendoza.com\/?p=6624","title":{"rendered":"Resolvieron el caso del delivery que abati\u00f3 a un asaltante en Ciudad en tiempo r\u00e9cord"},"content":{"rendered":"\n<p>Si hubo un caso que gener\u00f3 en los \u00faltimos d\u00edas un fuerte an\u00e1lisis en el Ministerio P\u00fablico fue el del\u00a0<strong>delivery de Pedidos Ya que abati\u00f3 con un arma de fuego a un asaltante\u00a0<\/strong>la noche del s\u00e1bado 23 de marzo sobre calle Espa\u00f1a, casi Videla Correa de la Cuarta Secci\u00f3n de Ciudad.<\/p>\n\n\n\n<p>Finalmente, luego de varias idas y venidas,<mark>\u00a0el expediente tendr\u00e1 este martes una resoluci\u00f3n en tiempo r\u00e9cord con un juicio abreviado inicial en el que la fiscal\u00eda y la defensa llegar\u00e1n a un acuerdo con respecto a la calificaci\u00f3n y la pena que le impondr\u00e1n al trabajador.<\/mark><\/p>\n\n\n\n<p>La causa revelada por\u00a0<em><strong>El Sol<\/strong><\/em>\u00a0atraves\u00f3 varios estados en la fiscal\u00eda de Homicidios de\u00a0<strong>Claudia Alejandra R\u00edos<\/strong>\u00a0y la figura penal endilgada al autor de los disparos, un trabajador de 56 a\u00f1os oriundo del complejo La Favorita, mut\u00f3 un par de veces mientras esperaban por una serie de peritajes y testimoniales. Incluso, present\u00f3 cambios cuando la investigadora se encontraba de licencia por Semana Santa y fue subrogada por uno de sus pares,\u00a0<strong>Carlos Torres.<\/strong><\/p>\n\n\n\n<p>La duda de los pesquisas generaba un estudio m\u00e1s profundo de las pruebas porque algunos apuntaban a un caso de&nbsp;<strong>leg\u00edtima defensa<\/strong>&nbsp;(eximente de responsabilidad penal). La mayor\u00eda se inclinaba&nbsp;<strong>por exceso de esa figura<\/strong>&nbsp;(prev\u00e9 hasta cinco a\u00f1os de c\u00e1rcel, como el homicidio culposo) y otros entendieron que podr\u00edan estar frente a un&nbsp;<strong>homicidio agravado por el uso de arma de fuego<\/strong>, que motivaba la detenci\u00f3n del autor de los disparos y su traslado a la penitenciar\u00eda porque no es un delito excarcelable.<\/p>\n\n\n\n<p>Todo porque la v\u00edctima del hecho de inseguridad reaccion\u00f3 cuando le sustrajeron la moto e\u00a0<mark>hiri\u00f3 mortalmente a uno de los dos sujetos que lo hab\u00eda abordado, Gabriel Lucero (24), cuando no estaba en riesgo su vida, por la espalda y cuando ya se encontraba herido en el piso.<\/mark><\/p>\n\n\n\n<p><strong>El repartidor se present\u00f3 ante las autoridades judiciales con un abogado 48 horas despu\u00e9s del hecho de sangre y entreg\u00f3 dos armas de fuego<\/strong>: la que utiliz\u00f3 y era de su propiedad (una pistola calibre 380 con el n\u00famero de serie limado) y un rev\u00f3lver 32 que le quit\u00f3 al asaltante despu\u00e9s de balearlo y recuperar su veh\u00edculo.\u00a0<strong>La portaci\u00f3n del arma origin\u00f3 una nueva discusi\u00f3n entre los fiscales que tuvieron el expediente<\/strong>.<\/p>\n\n\n\n<p>R\u00edos acus\u00f3 al delivery por homicidio agravado por el uso de arma de fuego en grado de tentativa en exceso de leg\u00edtima defensa y orden\u00f3 su libertad mientras continuaba con la instrucci\u00f3n. A esa altura,\u00a0<mark>Lucero agonizaba en Terapia Intensiva del Hospital Central<\/mark>. Ocho despu\u00e9s se confirm\u00f3 el deceso y el avoque present\u00f3 otra modificaci\u00f3n.<\/p>\n\n\n\n<p>As\u00ed las cosas, en las \u00faltimas horas hubo definiciones en la Unidad Fiscal de Homicidios y este martes por la ma\u00f1ana, siempre y cuando la jueza de primera instancia&nbsp;<strong>\u00c9rica Patricia S\u00e1nchez&nbsp;<\/strong>homologue el acuerdo entre las partes,&nbsp;<mark>el delivery de Pedidos Ya ser\u00e1 condenado a 3 a\u00f1os de prisi\u00f3n en suspenso por homicidio agravado por el uso de arma de fuego en exceso de leg\u00edtima defensa en concurso real con portaci\u00f3n de arma de guerra atenuada por la falta de intenci\u00f3n de ser utilizada con fines il\u00edcitos.<\/mark><\/p>\n\n\n\n<p>De esta forma, continuar\u00e1 en la misma situaci\u00f3n en la que qued\u00f3 desde que se entreg\u00f3 ante las autoridades: en libertad. \u00a0<\/p>\n\n\n\n<h2 class=\"wp-block-heading\" id=\"h-como-se-produjo-el-asalto-en-la-rotiseria\">C\u00f3mo se produjo el asalto en la rotiser\u00eda<\/h2>\n\n\n\n<p>La noche del s\u00e1bado 23 de marzo,&nbsp;<strong>un repartidor de comidas de Pedidos Ya<\/strong>&nbsp;se encontraba en la puerta de una rotiser\u00eda ubicada sobre calle Espa\u00f1a casi Videla Correa de la Cuarta Secci\u00f3n, cuando dos&nbsp;<strong>motochorros&nbsp;<\/strong>pasaron por el lugar circulando hacia el norte<strong>.&nbsp;<\/strong><mark>C\u00e1maras de seguridad captaron los movimientos previos y posteriores de los asaltantes.<\/mark><\/p>\n\n\n\n<p>Los sujetos subieron por la vereda oeste y retomaron hacia el sur. All\u00ed abordaron al trabajador de 56 a\u00f1os, quien se encontraba en la puerta del local\u00a0<strong>U Pizza<\/strong>\u00a0a la espera de recibir un pedido para entregar. Hubo un forcejeo y uno de los malvivientes sac\u00f3 un arma de fuego para amenazarlo robarle la Honda Wave al repartidor, la que ten\u00eda la caja t\u00e9rmica para el traslado de los alimentos.<\/p>\n\n\n\n<p>De acuerdo con las im\u00e1genes, uno con cada moto, los asaltantes comenzaron a circular hacia el sur por la misma vereda a contramano.&nbsp;<strong>En ese momento, el delivery sac\u00f3 un arma de fuego que llevaba para protecci\u00f3n y comenz\u00f3 a disparar a corta distancia<\/strong>. Hiri\u00f3 tres veces al sujeto que iba en su moto y tuvo la intenci\u00f3n de impedir la fuga del otro. En total, se levantaron seis vainas servidas cuando trabaj\u00f3&nbsp;<strong>Polic\u00eda Cient\u00edfica<\/strong>.<\/p>\n\n\n\n<p><mark>Los impactos fueron en la espalda, el rostro y la pierna izquierda de Gabriel Lucero, quien fue identificado horas despu\u00e9s por sus dos hermanas<\/mark>. Las mujeres llegaron all Hospital Central cuando la causa ya se encontraba en proceso de instrucci\u00f3n y luego de que un joven les avisara -se cree que el otro malviviente que huy\u00f3 del teatro del hecho- sobre el tiroteo.<\/p>\n\n\n\n<p>El repartidor le quit\u00f3 un arma de fuego que llevaba Lucero&nbsp;<strong>-un rev\u00f3lver calibre 32-<\/strong>&nbsp;y recuper\u00f3 su moto blanca. La levant\u00f3 y se subi\u00f3 para luego abandonar la escena por calle Echevarr\u00eda a contramano.&nbsp;<mark>Dos d\u00edas despu\u00e9s, y cuando ya se encontraba identificado, se present\u00f3 en el edificio del Polo Judicial junto con un abogado, entreg\u00f3 las armas, la moto y tambi\u00e9n las prendas de vestir que llevaba el d\u00eda del hecho.<\/mark><\/p>\n\n\n\n<p>Lucero ingres\u00f3 al efector p\u00fablico de calle Alem trasladado por una ambulancia del SEC. Qued\u00f3 internado en la cama 4 de la sala 4 de Terapia Intensiva. Oriundo de Las Heras \u2013se mov\u00eda por la Villa Jun\u00edn-,\u00a0<strong>presentaba antecedentes por robo, hurto y amenazas<\/strong>. Los m\u00e9dicos lo indujeron al coma y en ese estado permaneci\u00f3 hasta que finalmente muri\u00f3.<\/p>\n\n\n\n<p><strong>Fuente: www.elsol.com.ar<\/strong><\/p>\n","protected":false},"excerpt":{"rendered":"<p>Si hubo un caso que gener\u00f3 en los \u00faltimos d\u00edas un fuerte an\u00e1lisis en el Ministerio P\u00fablico fue el del\u00a0delivery de Pedidos Ya que abati\u00f3 con un arma de fuego a un asaltante\u00a0la noche del s\u00e1bado 23 de marzo sobre calle Espa\u00f1a, casi Videla Correa de la Cuarta Secci\u00f3n de Ciudad. Finalmente, luego de varias [&hellip;]<\/p>\n","protected":false},"author":2,"featured_media":6625,"comment_status":"open","ping_status":"open","sticky":false,"template":"","format":"standard","meta":[],"categories":[48],"tags":[],"_links":{"self":[{"href":"https:\/\/pasaenmendoza.com\/index.php?rest_route=\/wp\/v2\/posts\/6624"}],"collection":[{"href":"https:\/\/pasaenmendoza.com\/index.php?rest_route=\/wp\/v2\/posts"}],"about":[{"href":"https:\/\/pasaenmendoza.com\/index.php?rest_route=\/wp\/v2\/types\/post"}],"author":[{"embeddable":true,"href":"https:\/\/pasaenmendoza.com\/index.php?rest_route=\/wp\/v2\/users\/2"}],"replies":[{"embeddable":true,"href":"https:\/\/pasaenmendoza.com\/index.php?rest_route=%2Fwp%2Fv2%2Fcomments&post=6624"}],"version-history":[{"count":1,"href":"https:\/\/pasaenmendoza.com\/index.php?rest_route=\/wp\/v2\/posts\/6624\/revisions"}],"predecessor-version":[{"id":6626,"href":"https:\/\/pasaenmendoza.com\/index.php?rest_route=\/wp\/v2\/posts\/6624\/revisions\/6626"}],"wp:featuredmedia":[{"embeddable":true,"href":"https:\/\/pasaenmendoza.com\/index.php?rest_route=\/wp\/v2\/media\/6625"}],"wp:attachment":[{"href":"https:\/\/pasaenmendoza.com\/index.php?rest_route=%2Fwp%2Fv2%2Fmedia&parent=6624"}],"wp:term":[{"taxonomy":"category","embeddable":true,"href":"https:\/\/pasaenmendoza.com\/index.php?rest_route=%2Fwp%2Fv2%2Fcategories&post=6624"},{"taxonomy":"post_tag","embeddable":true,"href":"https:\/\/pasaenmendoza.com\/index.php?rest_route=%2Fwp%2Fv2%2Ftags&post=6624"}],"curies":[{"name":"wp","href":"https:\/\/api.w.org\/{rel}","templated":true}]}}