{"id":6630,"date":"2024-04-09T15:22:10","date_gmt":"2024-04-09T13:22:10","guid":{"rendered":"https:\/\/pasaenmendoza.com\/?p=6630"},"modified":"2024-04-09T15:22:12","modified_gmt":"2024-04-09T13:22:12","slug":"cornejo-sigue-en-el-top-ten-de-gobernadores-con-mejor-imagen","status":"publish","type":"post","link":"https:\/\/pasaenmendoza.com\/?p=6630","title":{"rendered":"Cornejo sigue en el top ten de gobernadores con mejor imagen"},"content":{"rendered":"\n<p>CB Consultores\u00a0realiz\u00f3 un estudio para determinar un r\u00e1nking de gobernadores e intendentes de acuerdo a la imagen positiva que tienen en la poblaci\u00f3n. Nuevamente,\u00a0Alfredo Cornejo\u00a0qued\u00f3 en el top ten, mejorando algunos puntos su imagen positiva.<\/p>\n\n\n\n<p>Seg\u00fan el trabajo realizado por CB, el gobernador mendocino encabeza el grupo del medio, lo que&nbsp;<strong>en el ranking general lo ubica en el puesto 9 de 24 jefes provinciales medidos.<\/strong>&nbsp;De marzo a abril, Cornejo mejor\u00f3 su porcentaje de aceptaci\u00f3n en un 0,5%.<\/p>\n\n\n\n<p>Los tres gobernadores mejor valorados del mes por sus comprovincianos son Hugo Passalacqua de Misiones con una 64,5% de imagen positiva. En segundo lugar qued\u00f3 Gustavo Vald\u00e9s de Corrientes con 64,2%, y cerr\u00f3 este podio Osvaldo Jaldo de Tucum\u00e1n con 62.,9% de imagen positiva.<\/p>\n\n\n\n<p>Los peores calificados de este mes son: Ricardo Quintela de La Rioja con 41,5%, seguido por Axel Kicillof de la Provincia de Buenos Aires con 41,7% y Alberto Weretilneck de R\u00edo Negro con 42,2% de imagen positiva.<\/p>\n\n\n\n<p>El mandatario provincial que m\u00e1s creci\u00f3 comparado a la \u00faltima medici\u00f3n fue Maximiliano Pullaro de Santa Fe (+4,2%), mientras que Alberto Weretilneck de la provincia de R\u00edo Negro fu\u00e9 quien m\u00e1s cay\u00f3 (-3,2%).<\/p>\n\n\n\n<figure class=\"wp-block-image\"><img decoding=\"async\" src=\"https:\/\/www.mendozapost.com\/files\/image\/560\/560879\/661523b5e043d_570_476!.jpg?s=9be576fb67b41dece3fde7869f8237ac&amp;d=1712661432\" alt=\"\"\/><\/figure>\n\n\n\n<p>FUENTE: Mendozapost.<\/p>\n","protected":false},"excerpt":{"rendered":"<p>CB Consultores\u00a0realiz\u00f3 un estudio para determinar un r\u00e1nking de gobernadores e intendentes de acuerdo a la imagen positiva que tienen en la poblaci\u00f3n. Nuevamente,\u00a0Alfredo Cornejo\u00a0qued\u00f3 en el top ten, mejorando algunos puntos su imagen positiva. Seg\u00fan el trabajo realizado por CB, el gobernador mendocino encabeza el grupo del medio, lo que&nbsp;en el ranking general lo [&hellip;]<\/p>\n","protected":false},"author":2,"featured_media":6633,"comment_status":"open","ping_status":"open","sticky":true,"template":"","format":"standard","meta":[],"categories":[47],"tags":[],"_links":{"self":[{"href":"https:\/\/pasaenmendoza.com\/index.php?rest_route=\/wp\/v2\/posts\/6630"}],"collection":[{"href":"https:\/\/pasaenmendoza.com\/index.php?rest_route=\/wp\/v2\/posts"}],"about":[{"href":"https:\/\/pasaenmendoza.com\/index.php?rest_route=\/wp\/v2\/types\/post"}],"author":[{"embeddable":true,"href":"https:\/\/pasaenmendoza.com\/index.php?rest_route=\/wp\/v2\/users\/2"}],"replies":[{"embeddable":true,"href":"https:\/\/pasaenmendoza.com\/index.php?rest_route=%2Fwp%2Fv2%2Fcomments&post=6630"}],"version-history":[{"count":1,"href":"https:\/\/pasaenmendoza.com\/index.php?rest_route=\/wp\/v2\/posts\/6630\/revisions"}],"predecessor-version":[{"id":6634,"href":"https:\/\/pasaenmendoza.com\/index.php?rest_route=\/wp\/v2\/posts\/6630\/revisions\/6634"}],"wp:featuredmedia":[{"embeddable":true,"href":"https:\/\/pasaenmendoza.com\/index.php?rest_route=\/wp\/v2\/media\/6633"}],"wp:attachment":[{"href":"https:\/\/pasaenmendoza.com\/index.php?rest_route=%2Fwp%2Fv2%2Fmedia&parent=6630"}],"wp:term":[{"taxonomy":"category","embeddable":true,"href":"https:\/\/pasaenmendoza.com\/index.php?rest_route=%2Fwp%2Fv2%2Fcategories&post=6630"},{"taxonomy":"post_tag","embeddable":true,"href":"https:\/\/pasaenmendoza.com\/index.php?rest_route=%2Fwp%2Fv2%2Ftags&post=6630"}],"curies":[{"name":"wp","href":"https:\/\/api.w.org\/{rel}","templated":true}]}}