{"id":6635,"date":"2024-04-09T15:27:54","date_gmt":"2024-04-09T13:27:54","guid":{"rendered":"https:\/\/pasaenmendoza.com\/?p=6635"},"modified":"2024-04-09T15:27:56","modified_gmt":"2024-04-09T13:27:56","slug":"cornejo-y-tadeo-armaron-un-documento-con-el-que-reclamaran-18-000-millones-a-milei","status":"publish","type":"post","link":"https:\/\/pasaenmendoza.com\/?p=6635","title":{"rendered":"Cornejo y Tadeo armaron un documento con el que reclamar\u00e1n $18.000 millones a Milei"},"content":{"rendered":"\n<p>Es por deudas del FONID y las cl\u00e1usulas de garant\u00eda para salario docente. Afirmaron que entrar\u00e1 esta semana. Los planteos que vienen<\/p>\n\n\n\n<p><strong>Alfredo Cornejo<\/strong>\u00a0y el ministro de Educaci\u00f3n,\u00a0<strong>Tadeo Garc\u00eda Zalazar<\/strong>, decidieron hacer esta semana el reclamo por\u00a0<strong>$18.000 millones<\/strong>\u00a0supuestamente adeudados a la administraci\u00f3n de<strong>\u00a0Javier Milei.<\/strong>\u00a0El viernes se avanz\u00f3 en el escrito con el que encabezar\u00e1n el reclamo administrativo. De no haber respuestas en Casa Rosada, con ese antecedente se podr\u00e1 avanzar hacia otra figura legal.<\/p>\n\n\n\n<p><strong>&#8220;Todav\u00eda no est\u00e1 hecho el pedido, pero se har\u00e1 en el transcurso de esta semana con seguridad&#8221;<\/strong>, dijeron desde Casa de Gobierno a media ma\u00f1ana de este lunes.<\/p>\n\n\n\n<p>El reclamo ya fue revisado por la<strong>&nbsp;Fiscal\u00eda de Estado&nbsp;<\/strong>durante la \u00faltima semana de marzo y pas\u00f3 tambi\u00e9n por el an\u00e1lisis de dos cuerpos m\u00e1s: el equipo de Legales del Ejecutivo y buena parte del superministerio que conduce&nbsp;<strong>Garc\u00eda Zalazar.&nbsp;<\/strong>Ahora s\u00f3lo falta que impacte en Buenos Aires, lo que aseguraron distintas fuentes que pasar\u00e1 antes del pr\u00f3ximo viernes.<\/p>\n\n\n\n<p>Pedir\u00e1n un 20% m\u00e1s de lo que se hab\u00eda reclamado originalmente en ese rubro:&nbsp;<strong>$18.000 millones en vez de $15.000 millones,&nbsp;<\/strong>porque solicitar\u00e1n un tramo -antes no mencionado- que corresponde a las cl\u00e1usulas de garant\u00eda de los educadores.<\/p>\n\n\n\n<p><strong>\u00bfQu\u00e9 son esas cl\u00e1usulas?&nbsp;<\/strong>B\u00e1sicamente hay un piso salarial a nivel pa\u00eds y otro a nivel provincia. La diferencia entre una base y la otra, para no perjudicar a los docentes mendocinos o de cualquier provincia-&nbsp;<strong>debe ponerla Naci\u00f3n<\/strong>.<\/p>\n\n\n\n<p>El asunto es que<strong>\u00a0en el \u00faltimo tramo del 2023, Gobierno denuncia que no se envi\u00f3 nada<\/strong>\u00a0de eso y es all\u00ed donde se elev\u00f3 a $10.500 millones la cifra por tales menesteres. El resto<strong>\u00a0(7.500 millones)\u00a0<\/strong>resulta de otra deuda: la del\u00a0<strong>Fondo Nacional de Incentivo Docente (FONID)<\/strong>. Aunque Milei ya decidi\u00f3 que ese recurso no existe m\u00e1s y la provincia asegura que se hizo cargo de incluirlo en la paritaria<strong>\u00a0(cuestionado esto por los gremios)<\/strong>, el pedido es que a Mendoza lleguen pagos de octubre, noviembre, diciembre y\u00a0<strong>enero de 2024.<\/strong><\/p>\n\n\n\n<h2 class=\"wp-block-heading\">Mendoza se diferencia de otras provincias<\/h2>\n\n\n\n<p>Hasta el viernes pasado en el ministerio no ten\u00edan clara la figura formal que tendr\u00eda el documento y&nbsp;<strong>estaban indecisos al menos entre dos posibilidades.&nbsp;<\/strong>Ahora ya se defini\u00f3 que ser\u00e1 un reclamo administrativo. Dato no menor, ya que muchas veces este puede funcionar como&nbsp;<strong>paso previo para presentar luego un recurso &#8220;m\u00e1s pesado&#8221;&nbsp;<\/strong>en t\u00e9rminos jur\u00eddicos.<\/p>\n\n\n\n<p>Fuentes del Gobierno garantizaron\u00a0que si no se desembolsa al menos una porci\u00f3n de la suma en los pr\u00f3ximos d\u00edas, lo siguiente ya ser\u00e1 presentar un\u00a0<strong>pronto despacho,\u00a0<\/strong>como los que le plante\u00f3 varias veces\u00a0<strong>Rodolfo Suarez\u00a0<\/strong>a la administraci\u00f3n de\u00a0<strong>Alberto Fern\u00e1ndez.<\/strong><\/p>\n\n\n\n<p>El documento&nbsp;<strong>se puli\u00f3 bastante y hasta hace horas se le hicieron retoques.<\/strong>&nbsp;&#8220;Fue parte de las revisiones que se hacen siempre. La verdad es que el crecimiento de la suma no cambia tanto la ecuaci\u00f3n y, aunque se modific\u00f3 el instrumento hasta el viernes, tampoco es que cambiamos&nbsp;<strong>nada sustancial. Lo importante ya estaba decidido<\/strong>&nbsp;y cerrado&#8221;, cont\u00f3 alguien que particip\u00f3 del proceso.<\/p>\n\n\n\n<p>Seg\u00fan se supo,<strong>\u00a0<\/strong>la estrategia mendocina se diferenciar\u00e1 de otras provincias que directamente llevar\u00e1n su reclamo a la Corte Suprema de Justicia y no pasar\u00e1n por instancias previas. En Gobierno manejan el dato de que dos de ellas son\u00a0<strong>Misiones y Neuqu\u00e9n, gobernadas por Hugo Passalacqua y Rolando Figueroa.\u00a0<\/strong>La primera est\u00e1 pidiendo 3.500 millones por FONID supuestamente adeudado (s\u00f3lo de enero) y la segunda, 13.500 millones, de varios desembolsos de 2023.<\/p>\n\n\n\n<h2 class=\"wp-block-heading\">Otros fondos que se le piden a Milei<\/h2>\n\n\n\n<p>La provincia tambi\u00e9n reclama por otras cifras que, aunque son menores,<strong>\u00a0sirven para apuntalar un a\u00f1o complejo para las arcas p\u00fablicas.\u00a0<\/strong>Una de ellas es el pago por l<strong>a jornada extendida;\u00a0<\/strong>un programa que hace que los chicos de primarias estatales tengan entre una y dos horas m\u00e1s de clases que en el resto de las escuelas. En uno de sus primeros actos como ministro,<strong>\u00a0Garc\u00eda Zalazar dispuso que esa modalidad siga al menos hasta noviembre de este a\u00f1o,<\/strong>\u00a0es decir, el final del ciclo lectivo 2024.<\/p>\n\n\n\n<p>Eso quiere decir que, mientras no est\u00e9 abierto el grifo de recursos para financiarlo<strong>, ser\u00e1 la provincia la que siga poni\u00e9ndole el pecho a los pagos de esos docentes que se quedan despu\u00e9s de hora.&nbsp;<\/strong>Esa plata tambi\u00e9n debe venir desde la&nbsp;<strong>Secretar\u00eda nacional de Educaci\u00f3n que conduce Carlos Torrendell<\/strong>, pero las acusaciones vuelan en los pasillos de Casa de Gobierno y dicen que el &#8220;no hay plata&#8221; le toc\u00f3 tambi\u00e9n a esos montos.<\/p>\n\n\n\n<p>En calle&nbsp;<strong>Peltier&nbsp;<\/strong>tienen argumentos para ir a<strong>&nbsp;golpear puertas<\/strong>, como se cree que har\u00e1n antes de fin de mes por todos los rubros mencionados m\u00e1s arriba. En cuanto a la jornada extendida, se amparan primero, en que es<strong>&nbsp;una propuesta de Naci\u00f3n y por lo tanto depende de recursos de todas las provincias.&nbsp;<\/strong>Segundo, en que as\u00ed est\u00e1 dispuesto por la ley&nbsp;<strong>26.075 de Financiamiento Educativo.<\/strong><\/p>\n\n\n\n<p>Pero no es lo \u00fanico que solicitar\u00e1n.&nbsp;<strong>La idea es ir con algunos de estos reclamos al pr\u00f3ximo encuentro del Consejo Federal de Educaci\u00f3n<\/strong>, donde otro de los pedidos locales ser\u00e1 de dinero para escuelas t\u00e9cnicas. Comparado con los 18 mil millones de pesos, las cifras son infinitamente menores, pero la&nbsp;<strong>DGE decidi\u00f3 ir a pelearlas s\u00ed o s\u00ed,&nbsp;<\/strong>o al menos sondear si est\u00e1 en el radar de posibilidades libertarias pagarlas m\u00e1s adelante.<\/p>\n\n\n\n<p>El anfitri\u00f3n de ese encuentro es justamente el\u00a0<strong>predecesor\u00a0<\/strong>de\u00a0<strong>Tadeo Garc\u00eda Zalazar<\/strong>\u00a0en esa entidad<strong>, Jos\u00e9 Thomas.<\/strong><\/p>\n\n\n\n<p>FUENTE: Diariouno.com.ar <\/p>\n","protected":false},"excerpt":{"rendered":"<p>Es por deudas del FONID y las cl\u00e1usulas de garant\u00eda para salario docente. Afirmaron que entrar\u00e1 esta semana. Los planteos que vienen Alfredo Cornejo\u00a0y el ministro de Educaci\u00f3n,\u00a0Tadeo Garc\u00eda Zalazar, decidieron hacer esta semana el reclamo por\u00a0$18.000 millones\u00a0supuestamente adeudados a la administraci\u00f3n de\u00a0Javier Milei.\u00a0El viernes se avanz\u00f3 en el escrito con el que encabezar\u00e1n el [&hellip;]<\/p>\n","protected":false},"author":2,"featured_media":6636,"comment_status":"open","ping_status":"open","sticky":true,"template":"","format":"standard","meta":[],"categories":[47],"tags":[],"_links":{"self":[{"href":"https:\/\/pasaenmendoza.com\/index.php?rest_route=\/wp\/v2\/posts\/6635"}],"collection":[{"href":"https:\/\/pasaenmendoza.com\/index.php?rest_route=\/wp\/v2\/posts"}],"about":[{"href":"https:\/\/pasaenmendoza.com\/index.php?rest_route=\/wp\/v2\/types\/post"}],"author":[{"embeddable":true,"href":"https:\/\/pasaenmendoza.com\/index.php?rest_route=\/wp\/v2\/users\/2"}],"replies":[{"embeddable":true,"href":"https:\/\/pasaenmendoza.com\/index.php?rest_route=%2Fwp%2Fv2%2Fcomments&post=6635"}],"version-history":[{"count":1,"href":"https:\/\/pasaenmendoza.com\/index.php?rest_route=\/wp\/v2\/posts\/6635\/revisions"}],"predecessor-version":[{"id":6637,"href":"https:\/\/pasaenmendoza.com\/index.php?rest_route=\/wp\/v2\/posts\/6635\/revisions\/6637"}],"wp:featuredmedia":[{"embeddable":true,"href":"https:\/\/pasaenmendoza.com\/index.php?rest_route=\/wp\/v2\/media\/6636"}],"wp:attachment":[{"href":"https:\/\/pasaenmendoza.com\/index.php?rest_route=%2Fwp%2Fv2%2Fmedia&parent=6635"}],"wp:term":[{"taxonomy":"category","embeddable":true,"href":"https:\/\/pasaenmendoza.com\/index.php?rest_route=%2Fwp%2Fv2%2Fcategories&post=6635"},{"taxonomy":"post_tag","embeddable":true,"href":"https:\/\/pasaenmendoza.com\/index.php?rest_route=%2Fwp%2Fv2%2Ftags&post=6635"}],"curies":[{"name":"wp","href":"https:\/\/api.w.org\/{rel}","templated":true}]}}