{"id":6638,"date":"2024-04-10T00:28:02","date_gmt":"2024-04-09T22:28:02","guid":{"rendered":"https:\/\/pasaenmendoza.com\/?p=6638"},"modified":"2024-04-10T00:29:59","modified_gmt":"2024-04-09T22:29:59","slug":"el-ajo-mendocino-enfrenta-dos-amenazas-el-crecimiento-del-brasileno-y-la-temida-llegada-del-chino","status":"publish","type":"post","link":"https:\/\/pasaenmendoza.com\/?p=6638","title":{"rendered":"El ajo mendocino enfrenta dos amenazas: el crecimiento del brasile\u00f1o y la temida llegada del chino"},"content":{"rendered":"\n<p>El&nbsp;<strong>ajo mendocino<\/strong>&nbsp;se encuentra en una encrucijada: o consigue m\u00e1s pronto que tarde nuevos mercados para ingresar sus productos, o realmente la tendr\u00e1 complicada. Esa advertencia lleg\u00f3 en las \u00faltimas horas desde Brasil, m\u00e1s precisamente desde la&nbsp;<strong>Associa\u00e7\u00e3o Nacional dos Produtores de Alho<\/strong>.<\/p>\n\n\n\n<p>Fue\u00a0<strong>Rafael Corsino, presidente de Anapa<\/strong>, la c\u00e1mara brasile\u00f1a de ajo, remarc\u00f3 que &#8220;<strong>es importante que Argentina tenga otros jugadores a los cuales venderles el ajo\u00a0<\/strong>porque pr\u00e1cticamente siembra para venderle a Brasil&#8221;.<\/p>\n\n\n\n<p>Es que hoy, el mercado exportador con Brasil est\u00e1 amenazado por dos cuestiones: el&nbsp;<strong>crecimiento de la producci\u00f3n de ajo brasile\u00f1o y el cercano vencimiento de la tasa antidumping<\/strong>&nbsp;que impide el ingreso en masa del ajo chino barato. A eso, claro, hay que sumarle el&nbsp;contrabando&nbsp;que en los \u00faltimos a\u00f1os ha sido duramente cuestionado por los brasile\u00f1os.<\/p>\n\n\n\n<p><strong>&#8220;<\/strong>Llamo a los diferentes actores, incluso a las autoridades, a&nbsp;<strong>poner manos a la obra para que se renueve la tasa antidumping en Brasil<\/strong>&#8220;, se sum\u00f3 el representante de los productores de ajo mendocino,<strong>&nbsp;Maximiliano Di C\u00e9sare.<\/strong><\/p>\n\n\n\n<h2 class=\"wp-block-heading\">La advertencia al ajo mendocino lleg\u00f3 de Brasil, el principal comprador<\/h2>\n\n\n\n<p><strong>En octubre de este a\u00f1o se vencen los cinco a\u00f1os de la tasa antidumping&nbsp;<\/strong>al 100% por la que Brasil limita el ingreso de ajo proveniente desde China, con el objeto de fortalecer el agro brasile\u00f1o y argentino. Las asociaciones de productores y exportadores de Mendoza y de Brasil, junto a ProMendoza como representante del Gobierno, trabajan en conjunto para su renovaci\u00f3n.<\/p>\n\n\n\n<p>Esto, porque que Brasil permita libremente el&nbsp;<strong>ingreso del barato ajo chino (pr\u00e1ctica dumping), y que de 15 d\u00f3lares pase a venderse en 10 u 8 d\u00f3lares, ser\u00eda catastr\u00f3fico<\/strong>&nbsp;para el mercado mendocino, que exporta m\u00e1s del 80% de ese producto a aquel pa\u00eds.<\/p>\n\n\n\n<p><strong>Corsino&nbsp;<\/strong>revel\u00f3 incluso que la lucha en su pa\u00eds ya est\u00e1 en manos de abogados para lograr darle m\u00e1s fuerza. &#8220;Nos acercamos al gobierno de Lula Da Silva. Estamos luchando por extender el derecho antidumping porque competir con China es imposible tanto para nosotros como para los argentinos&#8221;, dijo.<\/p>\n\n\n\n<p>&#8220;\u00bfSeremos capaces de competir si el ajo de China baja a 10 u 8 d\u00f3lares? No.&nbsp;<strong>La producci\u00f3n en Brasil y Argentina se va a reducir dr\u00e1sticamente o puede desaparece<\/strong>r&#8221;, advirti\u00f3 Corsino.<\/p>\n\n\n\n<p><strong>A la preocupaci\u00f3n mendocina por la competencia china se le suma otra<\/strong>:&nbsp;<strong>Brasil&nbsp;<\/strong>se tom\u00f3 el trabajo de capacitar a sus productores para que comiencen a ser competitivos y<strong>&nbsp;pas\u00f3 de importar el 70% del ajo que se consume en Brasil, a s\u00f3lo importar el 40%<\/strong>.<\/p>\n\n\n\n<p>&#8220;La producci\u00f3n local creci\u00f3 del 30% al 60%&#8221;, grafic\u00f3 Corsino. Y de ese 40% restante, parte se importa de Argentina y otra porci\u00f3n desde China (a\u00fan a pesar de la tasa del 100% y el arancel externo com\u00fan de 35% que se le aplican).<\/p>\n\n\n\n<p>Si esas trabas se levantaran,<strong>&nbsp;la competencia para Mendoza ser\u00eda &#8220;imposible&#8221;&nbsp;<\/strong>como advirti\u00f3 el propio Corsino.<\/p>\n\n\n\n<p>&#8220;Que dejemos de importar es poco probable pero s\u00ed es importante para Argentina buscar otros jugadores para venderles el ajo porque pr\u00e1cticamente siembra ajo para vender a Brasil&#8221;, dijo el brasile\u00f1o.<\/p>\n\n\n\n<p>&#8220;<strong>Es importante que Argentina aumente su participaci\u00f3n en otros mercados&nbsp;<\/strong>para no volverse dependiente nada m\u00e1s que de un solo pa\u00eds&#8221;, advirti\u00f3.<\/p>\n\n\n\n<p>El mercado con Brasil es clave para Mendoza porque el consumo promedio de ajo es de 1,5 kilos de ajo per c\u00e1pita por a\u00f1o y son 210 millones de habitantes, lo que significa un total de entre 30 y 32 millones de ajo anuales.<\/p>\n\n\n\n<p><strong>Mendoza es la principal provincia productora de ajo del pa\u00eds<\/strong>, con una superficie superior a 13.000 hect\u00e1reas, que significa m\u00e1s de 80% de la superficie implantada, con un rendimiento promedio de 12 toneladas por hect\u00e1rea. Brasil es el tercer importador mundial de ajo -luego de Malasia e Indonesia- y Argentina es el principal origen de ajo importado a Brasil, seguido por China. Argentina export\u00f3 casi 85 millones de d\u00f3lares, siendo m\u00e1s del 80% exportaciones desde Mendoza; mientras China export\u00f3 26,7 millones de d\u00f3lares, de acuerdo con datos de ProMendoza en base a informaci\u00f3n de Aduana de Brasil.<\/p>\n\n\n\n<p>De ah\u00ed que&nbsp;<strong>desde el gobierno local y las asociaciones de productores trabajan en conjunto para que se siga garantizando el precio&nbsp;<\/strong>que favorezca el intercambio dentro del Mercosur y se trabe el ingreso de ajo chino.<\/p>\n\n\n\n<p>En su momento, se logr\u00f3 comprobar que debido a las condiciones laborales y de producci\u00f3n chinas, el precio de su ajo es extremadamente bajo, lo que termina da\u00f1ando las econom\u00edas brasile\u00f1as y argentinas.<\/p>\n\n\n\n<p><strong>El objetivo este a\u00f1o es volver a demostrar que las condiciones siguen constituyendo dumping<\/strong>, esa pr\u00e1ctica que se produce cuando un producto se exporta a un precio inferior al que se vende en el mercado interno del pa\u00eds de origen, generando una competencia desleal con el productor local y otros importadores.<\/p>\n\n\n\n<p><strong>El tr\u00e1mite est\u00e1 iniciado para que haya una primera renovaci\u00f3n provisoria por un a\u00f1o a partir del 3 de octubre hasta la misma fecha del 2025<\/strong>. Durante ese a\u00f1o se tendr\u00e1n que realizar los estudios para corroborar el dumping y, de ser as\u00ed,&nbsp;<strong>Brasil podr\u00e1 extender el antidumping a China por otros 5 a\u00f1os, hasta el 2030.<\/strong><\/p>\n\n\n\n<h2 class=\"wp-block-heading\">El contrabando, tambi\u00e9n en la mira de Brasil<\/h2>\n\n\n\n<p>&#8220;Mi lucha es en contra el ajo que viene ilegalmente de Argentina. No peleo con el ajo que viene legalmente, estamos en el mismo bloque y tenemos nuestras reglas y debemos cumplirlas, para frenar ese ingreso ilegal, los productores mendocinos y el Gobierno est\u00e1n trabajando. Se puede actuar m\u00e1s en los almacenes y tratar de centralizar la emisi\u00f3n del certificado porque el gran problema hoy es que el productor mete el ajo en la bolsa y lo env\u00eda a Brasil para clasificarlo all\u00e1, sin supervisi\u00f3n de Senasa&#8221;, dijo Corsino. &#8220;Esto duele tanto a los productores que hacen lo correcto en Argentina como a los que lo hacen en la regi\u00f3n sur de Brasil&#8221; , agreg\u00f3.<\/p>\n\n\n\n<h2 class=\"wp-block-heading\">La apertura de Mendoza a otros mercados y la preocupaci\u00f3n por el dumping chino<\/h2>\n\n\n\n<p>Desde Mendoza se dijo que los productores ya est\u00e1n trabajando junto al gobierno nacional y local en esa apertura de mercados que advierten necesaria desde Brasil.<\/p>\n\n\n\n<p><strong>Maximiliano Di C\u00e9sare, de Asocamen<\/strong>&nbsp;(la asociaci\u00f3n de productores, empacadores y exportadores de ajos, cebollas y afines de Mendoza), asegur\u00f3 a Conexi\u00f3n Agro que est\u00e1n avanzando en la ampliaci\u00f3n de fronteras.<\/p>\n\n\n\n<p>&#8220;No desatendemos la relaci\u00f3n comercial con Brasil pero&nbsp;<strong>no est\u00e1n puestas todas nuestras energ\u00edas en ese mercado&nbsp;<\/strong>a nivel de c\u00e1mara&#8221;, dijo, anunciando que ya se adelantaron a la necesidad de que se le abran al ajo las puertas de otros pa\u00edses.<\/p>\n\n\n\n<p>Di C\u00e9sare&nbsp;<strong>se reuni\u00f3 a fines de enero con la canciller argentina Diana Mondino en Buenos Aires&nbsp;<\/strong>para tratar, entre otros temas, la necesidad de mantener la relaci\u00f3n con Brasil y los acuerdos del Mercosur en el mediano plazo pero tambi\u00e9n la&nbsp;<strong>apertura de nuevos mercados<\/strong>&nbsp;para el ajo que hoy no est\u00e1n siendo explotados.<\/p>\n\n\n\n<p>&#8220;A nivel de consumo per c\u00e1pita de ajo por cuestiones culturales, los mercados del<strong>&nbsp;sudeste asi\u00e1tico<\/strong>&nbsp;resultan bastante atractivos&#8221;, dijo Di C\u00e9sare. &#8220;Tienen realmente una cultura de ajo muy importante, incluso superior a la de Brasil que ya es elevada comparada con la de Argentina (que es de apenas 500 gramos por persona, por a\u00f1o)&#8221;, se entusiasm\u00f3 el empresario.<\/p>\n\n\n\n<p>Pero&nbsp;<strong>la dificultad es que hoy est\u00e1n vedados para los productores argentinos (mendocinos) por una simple raz\u00f3n: son abastecidos por China.<\/strong><\/p>\n\n\n\n<p>Sobre la&nbsp;<strong>renovaci\u00f3n de la tasa antidumping&nbsp;<\/strong>y los esfuerzos argentinos y brasile\u00f1os por concretarla, Di C\u00e9sare coincidi\u00f3 con Corsino: &#8220;Impacta directamente en nuestro comercio. Si este a\u00f1o esa tasa no se renueva, el sector ajero tanto en Brasil como en Mendoza corre serio riesgo&#8221;.<\/p>\n\n\n\n<p>Y es por eso que llam\u00f3 a &#8220;los diferentes actores del sector, incluso a las autoridades gubernamentales a ponernos manos a la obra para que se renueve la tasa&#8221;.<\/p>\n\n\n\n<p><strong>Fuente: www.diariouno.com.ar<\/strong><\/p>\n","protected":false},"excerpt":{"rendered":"<p>El&nbsp;ajo mendocino&nbsp;se encuentra en una encrucijada: o consigue m\u00e1s pronto que tarde nuevos mercados para ingresar sus productos, o realmente la tendr\u00e1 complicada. Esa advertencia lleg\u00f3 en las \u00faltimas horas desde Brasil, m\u00e1s precisamente desde la&nbsp;Associa\u00e7\u00e3o Nacional dos Produtores de Alho. Fue\u00a0Rafael Corsino, presidente de Anapa, la c\u00e1mara brasile\u00f1a de ajo, remarc\u00f3 que &#8220;es importante [&hellip;]<\/p>\n","protected":false},"author":2,"featured_media":6639,"comment_status":"open","ping_status":"open","sticky":false,"template":"","format":"standard","meta":[],"categories":[85],"tags":[],"_links":{"self":[{"href":"https:\/\/pasaenmendoza.com\/index.php?rest_route=\/wp\/v2\/posts\/6638"}],"collection":[{"href":"https:\/\/pasaenmendoza.com\/index.php?rest_route=\/wp\/v2\/posts"}],"about":[{"href":"https:\/\/pasaenmendoza.com\/index.php?rest_route=\/wp\/v2\/types\/post"}],"author":[{"embeddable":true,"href":"https:\/\/pasaenmendoza.com\/index.php?rest_route=\/wp\/v2\/users\/2"}],"replies":[{"embeddable":true,"href":"https:\/\/pasaenmendoza.com\/index.php?rest_route=%2Fwp%2Fv2%2Fcomments&post=6638"}],"version-history":[{"count":2,"href":"https:\/\/pasaenmendoza.com\/index.php?rest_route=\/wp\/v2\/posts\/6638\/revisions"}],"predecessor-version":[{"id":6642,"href":"https:\/\/pasaenmendoza.com\/index.php?rest_route=\/wp\/v2\/posts\/6638\/revisions\/6642"}],"wp:featuredmedia":[{"embeddable":true,"href":"https:\/\/pasaenmendoza.com\/index.php?rest_route=\/wp\/v2\/media\/6639"}],"wp:attachment":[{"href":"https:\/\/pasaenmendoza.com\/index.php?rest_route=%2Fwp%2Fv2%2Fmedia&parent=6638"}],"wp:term":[{"taxonomy":"category","embeddable":true,"href":"https:\/\/pasaenmendoza.com\/index.php?rest_route=%2Fwp%2Fv2%2Fcategories&post=6638"},{"taxonomy":"post_tag","embeddable":true,"href":"https:\/\/pasaenmendoza.com\/index.php?rest_route=%2Fwp%2Fv2%2Ftags&post=6638"}],"curies":[{"name":"wp","href":"https:\/\/api.w.org\/{rel}","templated":true}]}}