{"id":6649,"date":"2024-04-10T00:59:27","date_gmt":"2024-04-09T22:59:27","guid":{"rendered":"https:\/\/pasaenmendoza.com\/?p=6649"},"modified":"2024-04-10T00:59:28","modified_gmt":"2024-04-09T22:59:28","slug":"cuando-comienzan-las-vacaciones-de-invierno-en-mendoza","status":"publish","type":"post","link":"https:\/\/pasaenmendoza.com\/?p=6649","title":{"rendered":"Cu\u00e1ndo comienzan las vacaciones de invierno en Mendoza"},"content":{"rendered":"\n<p>A dos meses del inicio de clases, muchas familias comienzan a pensar en el\u00a0<strong>receso invernal<\/strong>, ya sea para tomar unos d\u00edas de descanso o planificar unas vacaciones. La\u00a0<strong>Direcci\u00f3n General de Escuelas (DGE)<\/strong>\u00a0inform\u00f3 a trav\u00e9s de la Resoluci\u00f3n 120,\u00a0las disposiciones generales sobre el\u00a0<strong>calendario escolar<\/strong>\u00a0para el\u00a0<strong>ciclo lectivo 2024<\/strong>\u00a0destinado a todas las escuelas mendocinas en todos sus niveles y modalidades.\u00a0<\/p>\n\n\n\n<p>Cada vez falta menos para las vacaciones de invierno y\u00a0si bien el Consejo Federal de Educaci\u00f3n dispuso un piso m\u00ednimo de 190 d\u00edas de clases efectivos, no todas las provincias aplicar\u00e1n el mismo cronograma.<\/p>\n\n\n\n<p>En el caso de la provincia de Mendoza,&nbsp;informaron que &#8220;con el fin de proyectar un ordenamiento y los tiempos de las actividades escolares, el gobierno escolar mendocino garantiza los 190 d\u00edas efectivos de clases en cada nivel, dando cumplimiento a la Resoluci\u00f3n 451 emitida por el Consejo Federal de Educaci\u00f3n&#8221;.&nbsp;<\/p>\n\n\n\n<p>A partir de las disposiciones de la cartera educativa, las clases comenzaron el 28 de febrero mientras que,\u00a0el\u00a0<strong>receso invernal<\/strong>\u00a0ser\u00e1\u00a0para todos los niveles y modalidades, del<strong> 8 al 21 de julio. <\/strong>La finalizaci\u00f3n de clases ser\u00e1 el 13 de diciembre dando as\u00ed\u00a0cumplimiento a los 190 d\u00edas de clases efectivos.\u00a0<\/p>\n\n\n\n<p><strong>Fuente: www.mdzol.com<\/strong><\/p>\n","protected":false},"excerpt":{"rendered":"<p>A dos meses del inicio de clases, muchas familias comienzan a pensar en el\u00a0receso invernal, ya sea para tomar unos d\u00edas de descanso o planificar unas vacaciones. La\u00a0Direcci\u00f3n General de Escuelas (DGE)\u00a0inform\u00f3 a trav\u00e9s de la Resoluci\u00f3n 120,\u00a0las disposiciones generales sobre el\u00a0calendario escolar\u00a0para el\u00a0ciclo lectivo 2024\u00a0destinado a todas las escuelas mendocinas en todos sus niveles [&hellip;]<\/p>\n","protected":false},"author":2,"featured_media":6650,"comment_status":"open","ping_status":"open","sticky":false,"template":"","format":"standard","meta":[],"categories":[56],"tags":[],"_links":{"self":[{"href":"https:\/\/pasaenmendoza.com\/index.php?rest_route=\/wp\/v2\/posts\/6649"}],"collection":[{"href":"https:\/\/pasaenmendoza.com\/index.php?rest_route=\/wp\/v2\/posts"}],"about":[{"href":"https:\/\/pasaenmendoza.com\/index.php?rest_route=\/wp\/v2\/types\/post"}],"author":[{"embeddable":true,"href":"https:\/\/pasaenmendoza.com\/index.php?rest_route=\/wp\/v2\/users\/2"}],"replies":[{"embeddable":true,"href":"https:\/\/pasaenmendoza.com\/index.php?rest_route=%2Fwp%2Fv2%2Fcomments&post=6649"}],"version-history":[{"count":1,"href":"https:\/\/pasaenmendoza.com\/index.php?rest_route=\/wp\/v2\/posts\/6649\/revisions"}],"predecessor-version":[{"id":6651,"href":"https:\/\/pasaenmendoza.com\/index.php?rest_route=\/wp\/v2\/posts\/6649\/revisions\/6651"}],"wp:featuredmedia":[{"embeddable":true,"href":"https:\/\/pasaenmendoza.com\/index.php?rest_route=\/wp\/v2\/media\/6650"}],"wp:attachment":[{"href":"https:\/\/pasaenmendoza.com\/index.php?rest_route=%2Fwp%2Fv2%2Fmedia&parent=6649"}],"wp:term":[{"taxonomy":"category","embeddable":true,"href":"https:\/\/pasaenmendoza.com\/index.php?rest_route=%2Fwp%2Fv2%2Fcategories&post=6649"},{"taxonomy":"post_tag","embeddable":true,"href":"https:\/\/pasaenmendoza.com\/index.php?rest_route=%2Fwp%2Fv2%2Ftags&post=6649"}],"curies":[{"name":"wp","href":"https:\/\/api.w.org\/{rel}","templated":true}]}}