{"id":665,"date":"2023-08-13T15:44:40","date_gmt":"2023-08-13T13:44:40","guid":{"rendered":"https:\/\/pasaenmendoza.com\/?p=665"},"modified":"2023-08-13T15:44:41","modified_gmt":"2023-08-13T13:44:41","slug":"petri-voto-sin-cristina-y-garantizo-la-unidad-de-juntos-por-el-cambio","status":"publish","type":"post","link":"https:\/\/pasaenmendoza.com\/?p=665","title":{"rendered":"Petri vot\u00f3 sin Cristina y garantiz\u00f3 la unidad de Juntos por el Cambio"},"content":{"rendered":"\n<p>Luis Petri, candidato a vicepresidente de Patricia Bullrich, vot\u00f3 en San Mart\u00edn. Viajar\u00e1 a Buenos Aires a esperar el resultado. Asegur\u00f3 que Juntos por el Cambio se mantendr\u00e1 unido tras las PASO.<\/p>\n\n\n\n<p><strong>Luis Petri<\/strong>\u00a0es el mendocino m\u00e1s relevante en las elecciones de hoy. Es candidato a vicepresidente como compa\u00f1ero de f\u00f3rmula de\u00a0Patricia Bullrich.\u00a0<strong>Petri\u00a0<\/strong>vot\u00f3 en San Mart\u00edn, departamento de donde es oriundo, pero tiene la valija preparada: luego del mediod\u00eda viaja a Buenos Aires para esperar los resultados junto a\u00a0<strong>Bullrich<\/strong>.\u00a0<\/p>\n\n\n\n<p>El candidato lleg\u00f3 a la escuela junto a su hijo y sin su compa\u00f1era, la periodista Cristina P\u00e9rez. &#8220;Las internas generan tensi\u00f3n, pero lo hemos superado. Vamos a estar juntos esta noche, vamos a estar todos juntos&#8221;, asegur\u00f3 Petri, quien busc\u00f3 motivar el voto.<\/p>\n\n\n\n<p>&#8220;Hay que agradecerles a todos los que est\u00e1n fiscalizando. Vamos a esperar los resultados, que van a estar luego de las 21. Es una PASO, no es la elecci\u00f3n definitiva, pero vamos a decidir el tipo de liderazgo que va a tener la oposici\u00f3n&#8221;, dijo el candidato de Juntos por el Cambio.\u00a0<\/p>\n\n\n\n<p>FUENTE: MDZ Online<\/p>\n","protected":false},"excerpt":{"rendered":"<p>Luis Petri, candidato a vicepresidente de Patricia Bullrich, vot\u00f3 en San Mart\u00edn. Viajar\u00e1 a Buenos Aires a esperar el resultado. Asegur\u00f3 que Juntos por el Cambio se mantendr\u00e1 unido tras las PASO. Luis Petri\u00a0es el mendocino m\u00e1s relevante en las elecciones de hoy. Es candidato a vicepresidente como compa\u00f1ero de f\u00f3rmula de\u00a0Patricia Bullrich.\u00a0Petri\u00a0vot\u00f3 en San [&hellip;]<\/p>\n","protected":false},"author":2,"featured_media":666,"comment_status":"open","ping_status":"open","sticky":true,"template":"","format":"standard","meta":[],"categories":[47],"tags":[],"_links":{"self":[{"href":"https:\/\/pasaenmendoza.com\/index.php?rest_route=\/wp\/v2\/posts\/665"}],"collection":[{"href":"https:\/\/pasaenmendoza.com\/index.php?rest_route=\/wp\/v2\/posts"}],"about":[{"href":"https:\/\/pasaenmendoza.com\/index.php?rest_route=\/wp\/v2\/types\/post"}],"author":[{"embeddable":true,"href":"https:\/\/pasaenmendoza.com\/index.php?rest_route=\/wp\/v2\/users\/2"}],"replies":[{"embeddable":true,"href":"https:\/\/pasaenmendoza.com\/index.php?rest_route=%2Fwp%2Fv2%2Fcomments&post=665"}],"version-history":[{"count":1,"href":"https:\/\/pasaenmendoza.com\/index.php?rest_route=\/wp\/v2\/posts\/665\/revisions"}],"predecessor-version":[{"id":667,"href":"https:\/\/pasaenmendoza.com\/index.php?rest_route=\/wp\/v2\/posts\/665\/revisions\/667"}],"wp:featuredmedia":[{"embeddable":true,"href":"https:\/\/pasaenmendoza.com\/index.php?rest_route=\/wp\/v2\/media\/666"}],"wp:attachment":[{"href":"https:\/\/pasaenmendoza.com\/index.php?rest_route=%2Fwp%2Fv2%2Fmedia&parent=665"}],"wp:term":[{"taxonomy":"category","embeddable":true,"href":"https:\/\/pasaenmendoza.com\/index.php?rest_route=%2Fwp%2Fv2%2Fcategories&post=665"},{"taxonomy":"post_tag","embeddable":true,"href":"https:\/\/pasaenmendoza.com\/index.php?rest_route=%2Fwp%2Fv2%2Ftags&post=665"}],"curies":[{"name":"wp","href":"https:\/\/api.w.org\/{rel}","templated":true}]}}