{"id":6655,"date":"2024-04-10T14:24:18","date_gmt":"2024-04-10T12:24:18","guid":{"rendered":"https:\/\/pasaenmendoza.com\/?p=6655"},"modified":"2024-04-10T14:24:19","modified_gmt":"2024-04-10T12:24:19","slug":"tasas-municipales-comunas-del-gran-mendoza-admiten-una-caida-de-la-recaudacion","status":"publish","type":"post","link":"https:\/\/pasaenmendoza.com\/?p=6655","title":{"rendered":"Tasas municipales: comunas del Gran Mendoza admiten una ca\u00edda de la recaudaci\u00f3n"},"content":{"rendered":"\n<p>La realidad es dispar en las comunas, aunque advierten que por el momento no podr\u00eda asegurarse que la morosidad haya aumentado.<\/p>\n\n\n\n<p>La<strong>&nbsp;ca\u00edda de la recaudaci\u00f3n<\/strong>&nbsp;impact\u00f3 con fuerza en todos los niveles y estamentos del Estado y los&nbsp;<strong>municipios&nbsp;<\/strong>no son la excepci\u00f3n. Si bien en el&nbsp;<strong>Gran Mendoza l<\/strong>a situaci\u00f3n es dispar, desde las comunas miran con preocupaci\u00f3n lo que pueda ocurrir en los pr\u00f3ximos meses.<\/p>\n\n\n\n<p><mark>Desde las comunas admiten que el primer lugar donde se siente el impacto de la crisis es en el pago de los servicios municipales, como alumbrado, barrido y limpieza, ya que estos no pueden ser cortados como ocurre con la luz o el gas.<\/mark><\/p>\n\n\n\n<p>A pesar de esto, explicaron que si bien la recaudaci\u00f3n ha ca\u00eddo, por el momento no podr\u00eda asegurarse que la morosidad haya aumentado, principalmente porque apenas van cuatro meses del a\u00f1o.<\/p>\n\n\n\n<p>En el municipio donde m\u00e1s se sinti\u00f3 el impacto es en<strong>&nbsp;Maip\u00fa.&nbsp;<\/strong>La \u00fanica comuna que gobierna el peronismo en el Gran Mendoza resalt\u00f3 una ca\u00edda en la recaudaci\u00f3n pronunciada durante el primer trimestre del a\u00f1o.<\/p>\n\n\n\n<p><em>\u201cLa baja en la recaudaci\u00f3n es sostenida y pareja en todas las categor\u00edas. En l\u00edneas generales, hablamos de una ca\u00edda en los ingresos 35%\u201d<\/em>, explicaron.<\/p>\n\n\n\n<p>Desde&nbsp;<strong>Capital&nbsp;<\/strong>se\u00f1alaron que la ca\u00edda en la recaudaci\u00f3n se nota, pero a\u00fan no se genera morosidad, ya que reci\u00e9n se est\u00e1 finalizando el primer trimestre y muchos se encuentran adheridos al pago anual.<\/p>\n\n\n\n<p><em>\u201cPor el momento, no se habla de morosidad. Estamos terminando de afinar el porcentaje de ca\u00edda de la recaudaci\u00f3n que se est\u00e1 notando. A pesar de esto, en nuestro municipio hay muchos comercios que no sufren la ca\u00edda de la actividad porque son prestadores de servicios, m\u00e1s all\u00e1 de las tiendas tradicionales\u201d<\/em>, detallaron desde Capital.<\/p>\n\n\n\n<p>En el mismo sentido se expresaron desde&nbsp;<strong>Guaymall\u00e9n<\/strong>. All\u00ed se\u00f1alaron que hasta el momento, la morosidad se mantiene dentro del promedio, pero que las perdidas en este sentido son cercanas a los 1.000 millones de pesos.<\/p>\n\n\n\n<p>\u201c<em>No se evidencian aumentos de morosidad por ahora. Se analiz\u00f3 lo recaudado en el primer trimestre del a\u00f1o, pero falta cerrar el dato porque se extendi\u00f3 la fecha de vencimiento del pago anual. No obstante, el 35% del pago anual fue cobrado en el primer trimestre (despu\u00e9s est\u00e1 la gente que paga bimestral). Hist\u00f3ricamente, la morosidad asciende al 32%, que a n\u00fameros actuales, representa unos 1.000 millones de pesos anuales<\/em>\u201c, explicaron desde Guaymall\u00e9n.<\/p>\n\n\n\n<p>En&nbsp;<strong>Luj\u00e1n de Cuyo<\/strong>&nbsp;se\u00f1alaron que hasta el momento han notado un leve descenso en la recaudaci\u00f3n, pero que tendr\u00e1n mayores precisiones al respecto cuando finalice el mes.&nbsp;<em>\u201cHemos enviado entre marzo y abril las boletas para el pago anual. Se ha notado una baja, pero vamos a esperar a que termine el mes para analizar el fen\u00f3meno con mayores datos\u201d<\/em>, indicaron.<\/p>\n\n\n\n<p>Finalmente, en&nbsp;<strong>Las Heras<\/strong>&nbsp;han advertido una disminuci\u00f3n en la recaudaci\u00f3n a trav\u00e9s de los impuestos municipales, pero han advertido un cambio en la forma de abonar por parte de los vecinos.<\/p>\n\n\n\n<p><em>\u201cEn las tasas municipales, si comparamos el bimestre enero-febrero del a\u00f1o 2024 con respecto al a\u00f1o 2023, baj\u00f3 el 30% los contribuyentes que pagaron el a\u00f1o completo y aument\u00f3 20% los contribuyentes que pagaron solo el bimestre. Pero no percibimos una ca\u00edda significativa\u201d<\/em>, aseguraron de la comuna gobernada por Francisco Lopresti.<\/p>\n\n\n\n<p>FUENTE: Elsol.com.ar <\/p>\n","protected":false},"excerpt":{"rendered":"<p>La realidad es dispar en las comunas, aunque advierten que por el momento no podr\u00eda asegurarse que la morosidad haya aumentado. La&nbsp;ca\u00edda de la recaudaci\u00f3n&nbsp;impact\u00f3 con fuerza en todos los niveles y estamentos del Estado y los&nbsp;municipios&nbsp;no son la excepci\u00f3n. Si bien en el&nbsp;Gran Mendoza la situaci\u00f3n es dispar, desde las comunas miran con preocupaci\u00f3n [&hellip;]<\/p>\n","protected":false},"author":2,"featured_media":6656,"comment_status":"open","ping_status":"open","sticky":true,"template":"","format":"standard","meta":[],"categories":[47],"tags":[],"_links":{"self":[{"href":"https:\/\/pasaenmendoza.com\/index.php?rest_route=\/wp\/v2\/posts\/6655"}],"collection":[{"href":"https:\/\/pasaenmendoza.com\/index.php?rest_route=\/wp\/v2\/posts"}],"about":[{"href":"https:\/\/pasaenmendoza.com\/index.php?rest_route=\/wp\/v2\/types\/post"}],"author":[{"embeddable":true,"href":"https:\/\/pasaenmendoza.com\/index.php?rest_route=\/wp\/v2\/users\/2"}],"replies":[{"embeddable":true,"href":"https:\/\/pasaenmendoza.com\/index.php?rest_route=%2Fwp%2Fv2%2Fcomments&post=6655"}],"version-history":[{"count":1,"href":"https:\/\/pasaenmendoza.com\/index.php?rest_route=\/wp\/v2\/posts\/6655\/revisions"}],"predecessor-version":[{"id":6657,"href":"https:\/\/pasaenmendoza.com\/index.php?rest_route=\/wp\/v2\/posts\/6655\/revisions\/6657"}],"wp:featuredmedia":[{"embeddable":true,"href":"https:\/\/pasaenmendoza.com\/index.php?rest_route=\/wp\/v2\/media\/6656"}],"wp:attachment":[{"href":"https:\/\/pasaenmendoza.com\/index.php?rest_route=%2Fwp%2Fv2%2Fmedia&parent=6655"}],"wp:term":[{"taxonomy":"category","embeddable":true,"href":"https:\/\/pasaenmendoza.com\/index.php?rest_route=%2Fwp%2Fv2%2Fcategories&post=6655"},{"taxonomy":"post_tag","embeddable":true,"href":"https:\/\/pasaenmendoza.com\/index.php?rest_route=%2Fwp%2Fv2%2Ftags&post=6655"}],"curies":[{"name":"wp","href":"https:\/\/api.w.org\/{rel}","templated":true}]}}