{"id":6658,"date":"2024-04-10T14:29:25","date_gmt":"2024-04-10T12:29:25","guid":{"rendered":"https:\/\/pasaenmendoza.com\/?p=6658"},"modified":"2024-04-10T14:29:27","modified_gmt":"2024-04-10T12:29:27","slug":"presentan-en-la-legislatura-la-reforma-a-la-coparticipacion-municipal","status":"publish","type":"post","link":"https:\/\/pasaenmendoza.com\/?p=6658","title":{"rendered":"Presentan en la Legislatura la reforma a la coparticipaci\u00f3n municipal"},"content":{"rendered":"\n<p>El Ejecutivo provincial girar\u00e0 a la Legislatura el proyecto del nuevo\u00a0<strong>&#8220;coeficiente de equilibrio regional&#8221;<\/strong>, es decir el componente de c\u00e1lculo para determinar la coparticipaci\u00f3n municipal.<\/p>\n\n\n\n<p>Lo confirm\u00f3 el presidente de la C\u00e1mara de Diputados de Mendoza,&nbsp;<strong>Andr\u00e9s&nbsp;<em>Peti<\/em>&nbsp;Lombardi<\/strong>&nbsp;al programa&nbsp;<em>Jornada De #6a7<\/em>&nbsp;(de lunes a viernes de 6 a 7, Radio Jornada 91.9 ; 101.1 en el Este y 96.9 en Luj\u00e1n).&nbsp; El legislador radical se refiri\u00f3 a distintos proyectos de&nbsp; ley que el Go bierno impulsa antes que finalice el periodo de sesiones extraordinarias en el Parlamento mendocino.<\/p>\n\n\n\n<p>Es un tema\u00a0<strong>&#8220;ha estado bastante discutido p\u00fablicamente y que incluye la modificaci\u00f3n del coeficiente de equilibrio regional (coparticipaci\u00f3n) va a entrar hoy&#8221;,\u00a0<\/strong>coment\u00f3 Lombardi al aire y advirti\u00f3 que ser\u00e1 el ministro de Hacienda, V\u00edctor Fayad quien explicar\u00e1 la modificaci\u00f3n del c\u00e1lculo como parte de una soluci\u00f3n a las discrepancias planteadas por los\u00a0 intendentes que vieron menguados sus ingresos luego de los recortes aplicados por el gobierno nacional. Eso ocurrir\u00e1 en el transcurso del d\u00eda legislativo y el proyecto comenzar\u00e1 a tratarse la Comisi\u00f3n de Hacienda y Presupuesto de la C\u00e1mara baja.<\/p>\n\n\n\n<p>La informaci\u00f3n previa a este hecho institucional fue la presentaci\u00f3n de un recurso administrativo semanas atr\u00e1s por parte de los intendentes de Godoy Cruz\u00a0, Diego Costarelli, y de Las Heras\u00a0, Francisco Lo Presti, para que el Gobierno provin cial revea la f\u00f3rmula de distribuci\u00f3n de los tributos coparticipables.<\/p>\n\n\n\n<p>Esta situaci\u00f3n tambi\u00e9n inquiet\u00f3 a los otros jefes municipales que expresaron su malestar como\u00a0Marcos Calvente de Guaymall\u00e9n, Omar F\u00e9lix de San Rafael y Esteban Allasino de Luj\u00e1n de Cuyo. El caso lujanino (como el de Maip\u00fa) tiene la particularidad que ha aumentado su poblaci\u00f3n y el intendente reclama un aumento en la coparticipaci\u00f3n en\u00a0 base al censo de 2022.<\/p>\n\n\n\n<p>FUENTE: Mendozapost.<\/p>\n","protected":false},"excerpt":{"rendered":"<p>El Ejecutivo provincial girar\u00e0 a la Legislatura el proyecto del nuevo\u00a0&#8220;coeficiente de equilibrio regional&#8221;, es decir el componente de c\u00e1lculo para determinar la coparticipaci\u00f3n municipal. Lo confirm\u00f3 el presidente de la C\u00e1mara de Diputados de Mendoza,&nbsp;Andr\u00e9s&nbsp;Peti&nbsp;Lombardi&nbsp;al programa&nbsp;Jornada De #6a7&nbsp;(de lunes a viernes de 6 a 7, Radio Jornada 91.9 ; 101.1 en el Este y [&hellip;]<\/p>\n","protected":false},"author":2,"featured_media":6659,"comment_status":"open","ping_status":"open","sticky":true,"template":"","format":"standard","meta":[],"categories":[47],"tags":[],"_links":{"self":[{"href":"https:\/\/pasaenmendoza.com\/index.php?rest_route=\/wp\/v2\/posts\/6658"}],"collection":[{"href":"https:\/\/pasaenmendoza.com\/index.php?rest_route=\/wp\/v2\/posts"}],"about":[{"href":"https:\/\/pasaenmendoza.com\/index.php?rest_route=\/wp\/v2\/types\/post"}],"author":[{"embeddable":true,"href":"https:\/\/pasaenmendoza.com\/index.php?rest_route=\/wp\/v2\/users\/2"}],"replies":[{"embeddable":true,"href":"https:\/\/pasaenmendoza.com\/index.php?rest_route=%2Fwp%2Fv2%2Fcomments&post=6658"}],"version-history":[{"count":1,"href":"https:\/\/pasaenmendoza.com\/index.php?rest_route=\/wp\/v2\/posts\/6658\/revisions"}],"predecessor-version":[{"id":6660,"href":"https:\/\/pasaenmendoza.com\/index.php?rest_route=\/wp\/v2\/posts\/6658\/revisions\/6660"}],"wp:featuredmedia":[{"embeddable":true,"href":"https:\/\/pasaenmendoza.com\/index.php?rest_route=\/wp\/v2\/media\/6659"}],"wp:attachment":[{"href":"https:\/\/pasaenmendoza.com\/index.php?rest_route=%2Fwp%2Fv2%2Fmedia&parent=6658"}],"wp:term":[{"taxonomy":"category","embeddable":true,"href":"https:\/\/pasaenmendoza.com\/index.php?rest_route=%2Fwp%2Fv2%2Fcategories&post=6658"},{"taxonomy":"post_tag","embeddable":true,"href":"https:\/\/pasaenmendoza.com\/index.php?rest_route=%2Fwp%2Fv2%2Ftags&post=6658"}],"curies":[{"name":"wp","href":"https:\/\/api.w.org\/{rel}","templated":true}]}}