{"id":6661,"date":"2024-04-10T14:39:01","date_gmt":"2024-04-10T12:39:01","guid":{"rendered":"https:\/\/pasaenmendoza.com\/?p=6661"},"modified":"2024-04-10T14:39:03","modified_gmt":"2024-04-10T12:39:03","slug":"la-rectora-de-la-uncuyo-y-sus-pares-del-pais-afirmaron-que-las-universidades-estan-en-grave-peligro","status":"publish","type":"post","link":"https:\/\/pasaenmendoza.com\/?p=6661","title":{"rendered":"La rectora de la UNCuyo y sus pares del pa\u00eds afirmaron que las universidades est\u00e1n en grave peligro"},"content":{"rendered":"\n<p>Con la presencia de Esther Sanchez, rectora de la UNCuyo, se reuni\u00f3 el Consejo Interuniversitario Nacional. Emiti\u00f3 un cr\u00edtico documento dirigido a la Naci\u00f3n.<\/p>\n\n\n\n<p>Con la presencia de\u00a0<strong>Esther Sanchez, rectora de la\u00a0UNCuyo,\u00a0<\/strong>autoridades de 73 universidades p\u00fablicas de todo el pa\u00eds\u00a0se reunieron este martes en San Mart\u00edn, provincia de Buenos Aires.\u00a0Tras el encuentro se conoci\u00f3 un documento en el que califican como grave la situaci\u00f3n econ\u00f3mica de las instituciones que conducen.<\/p>\n\n\n\n<p>Adem\u00e1s los referentes de las universidades p\u00fablicas del pa\u00eds reclamaron una&nbsp;<strong>urgente respuesta del gobierno de Javier Milei.<\/strong><\/p>\n\n\n\n<p>Este plenario se desarroll\u00f3 d\u00edas despuesde de que en la UNCuyo se realizara una manifestaci\u00f3n de la que participaron sectores pol\u00edticos, institucionales y de la sociciedad en general para pedir que la educaci\u00f3n sea incluida en el Pacto de Mayo que ha convocado el Presidente para reunir a todos los gobernadores el 25 del pr\u00f3ximo mes.<\/p>\n\n\n\n<p>El encuentro del\u00a0<strong>Consejo Interuniversitario Nacional (CIN)<\/strong>\u00a0de este martes se realiz\u00f3 con el objetivo de definir estrategias frente a la crisis econ\u00f3mica que atraviesan las universidades p\u00fablicas por el congelamiento y recortes del presupuesto dispuesto por Milei.<\/p>\n\n\n\n<h2 class=\"wp-block-heading\">Advirtieron la grave situaci\u00f3n econ\u00f3mica de las universidades p\u00fablicas<\/h2>\n\n\n\n<p>Tras conocer la nota difundida por el CIN se expres\u00f3 el vicerrector de la UNCuyo, Gabriel Fidel.<\/p>\n\n\n\n<p>&#8220;La educaci\u00f3n p\u00fablica y las universidades han sido fundamentales y estrat\u00e9gicas en la construcci\u00f3n de nuestra Naci\u00f3n a lo largo de muchas generaciones. La educaci\u00f3n y el conocimiento son cruciales para la recuperaci\u00f3n que necesitamos, y es responsabilidad de todos los argentinoS&#8221;, dijo el directivo de la casa de estudios que tiene su sede principal en el parque General San Mart\u00edn.<\/p>\n\n\n\n<p>Entre las estrategias planteadas por los rectores resalta el llamado a una movilizaci\u00f3n para el martes 23 de abril en la Ciudad de Buenos Aores.<\/p>\n\n\n\n<p>El documento del Consejo Interuniversitario comienza diciendo que &#8220;las rectoras y los rectores de las universidades p\u00fablicas argentinas, reunidos en la Universidad Nacional de San Mart\u00edn ueremos manifestar con claridad que<strong>&nbsp;la situaci\u00f3n econ\u00f3mica financiera que atraviesa el sistema universitario p\u00fablico es grave y que necesita urgente respuesta por partes de los poderes del Estado nacional&#8221;.<\/strong><\/p>\n\n\n\n<p>Explica adem\u00e1s que &#8220;las universidades nacionales hemos dialogado con distintos representantes de Poder Ejecutivo en estos primeros cien d\u00edas de gobierno y planteamos en detalle la compleja situaci\u00f3n del sistema.\u00a0<strong>Hemos aprobado una declaraci\u00f3n en febrero en la que expres\u00e1bamos nuestra preocupaci\u00f3n por la falta de acuerdos paritarias en desmedro del poder adquisitivo de nuestros trabajadores, por el deterioro del sistema cient\u00edfico, tecnol\u00f3gico y de innovaci\u00f3n; las suspensi\u00f3n total de obras de infraestructura cient\u00edfica y universitaria en ejecuci\u00f3n; la abrumadora falta de actualizaci\u00f3n de los gastos de funcionamiento y la no renovaci\u00f3n del los sistemas nacionales de becas.<\/strong>\u00a0Con s\u00f3lo nombrar esas dificultades que afrontamos podemos sintetizar la profundidad de la crisis. A ello sumamos nuestra preocupaci\u00f3n por la eliminaci\u00f3n del Fondo Nacional de Incentivo Docente (FONID).<\/p>\n\n\n\n<h2 class=\"wp-block-heading\">Los rectores pidieron el acompa\u00f1amiento de la sociedad<\/h2>\n\n\n\n<p>A modo de reflexi\u00f3n el comunicado afirma que&nbsp;<strong>&#8220;hoy es necesario que la sociedad en general y la comunidad universitaria en particular nos acompa\u00f1en en nuestro reclamo.<\/strong>&nbsp;Se trata de la defensa de la sociedad argentina en su conjunto, que si quiere resolver sus problemas estructurales, debe priorizar la educaci\u00f3n p\u00fablica que nos iguala y hace libres, la formaci\u00f3n universitaria de excelencia y la inversi\u00f3n en ciencia y tecnolog\u00eda y, consecuentemente, jerarquizar su asignaci\u00f3n presupuestaria&#8221;.<\/p>\n\n\n\n<p>&#8220;Defendemos -contin\u00faa- el derecho de las y los j\u00f3venes de acceder, seg\u00fan su deseo y vocaci\u00f3n,\u00a0<strong>a la educaci\u00f3n p\u00fablica superior de excelencia, no arancelada y con ingreso libre.\u00a0<\/strong>Un sistema abierto que promueve la movilidad social y las transformaciones de nuestras comunidades, del que nuestras y nuestros graduados son su mejor expresi\u00f3n.<\/p>\n\n\n\n<h2 class=\"wp-block-heading\">Convocaron a una movilizaci\u00f3n para el 23 de abril<\/h2>\n\n\n\n<p>La nota concluye as\u00ed:\u00a0<strong>&#8220;Convocamos a una gran demostraci\u00f3n nacional el pr\u00f3ximo 23 de abril, a realizarse en la Ciudad de Buenos Aires, en defensa de la educaci\u00f3n y del sistema universitario p\u00fablico argentino,\u00a0<\/strong>junto con las representaciones docentes, no docente y estudiantiles. Toda la comunidad universitaria, toda la sociedad, porque el futuro est\u00e1 en juego. Todos los problemas que tenemos se resuelven con m\u00e1s educaci\u00f3n&#8221;.<\/p>\n\n\n\n<p>FUENTE: Diariouno.com.ar <\/p>\n","protected":false},"excerpt":{"rendered":"<p>Con la presencia de Esther Sanchez, rectora de la UNCuyo, se reuni\u00f3 el Consejo Interuniversitario Nacional. Emiti\u00f3 un cr\u00edtico documento dirigido a la Naci\u00f3n. Con la presencia de\u00a0Esther Sanchez, rectora de la\u00a0UNCuyo,\u00a0autoridades de 73 universidades p\u00fablicas de todo el pa\u00eds\u00a0se reunieron este martes en San Mart\u00edn, provincia de Buenos Aires.\u00a0Tras el encuentro se conoci\u00f3 un [&hellip;]<\/p>\n","protected":false},"author":2,"featured_media":6662,"comment_status":"open","ping_status":"open","sticky":true,"template":"","format":"standard","meta":[],"categories":[47],"tags":[],"_links":{"self":[{"href":"https:\/\/pasaenmendoza.com\/index.php?rest_route=\/wp\/v2\/posts\/6661"}],"collection":[{"href":"https:\/\/pasaenmendoza.com\/index.php?rest_route=\/wp\/v2\/posts"}],"about":[{"href":"https:\/\/pasaenmendoza.com\/index.php?rest_route=\/wp\/v2\/types\/post"}],"author":[{"embeddable":true,"href":"https:\/\/pasaenmendoza.com\/index.php?rest_route=\/wp\/v2\/users\/2"}],"replies":[{"embeddable":true,"href":"https:\/\/pasaenmendoza.com\/index.php?rest_route=%2Fwp%2Fv2%2Fcomments&post=6661"}],"version-history":[{"count":1,"href":"https:\/\/pasaenmendoza.com\/index.php?rest_route=\/wp\/v2\/posts\/6661\/revisions"}],"predecessor-version":[{"id":6663,"href":"https:\/\/pasaenmendoza.com\/index.php?rest_route=\/wp\/v2\/posts\/6661\/revisions\/6663"}],"wp:featuredmedia":[{"embeddable":true,"href":"https:\/\/pasaenmendoza.com\/index.php?rest_route=\/wp\/v2\/media\/6662"}],"wp:attachment":[{"href":"https:\/\/pasaenmendoza.com\/index.php?rest_route=%2Fwp%2Fv2%2Fmedia&parent=6661"}],"wp:term":[{"taxonomy":"category","embeddable":true,"href":"https:\/\/pasaenmendoza.com\/index.php?rest_route=%2Fwp%2Fv2%2Fcategories&post=6661"},{"taxonomy":"post_tag","embeddable":true,"href":"https:\/\/pasaenmendoza.com\/index.php?rest_route=%2Fwp%2Fv2%2Ftags&post=6661"}],"curies":[{"name":"wp","href":"https:\/\/api.w.org\/{rel}","templated":true}]}}