{"id":6664,"date":"2024-04-10T14:46:20","date_gmt":"2024-04-10T12:46:20","guid":{"rendered":"https:\/\/pasaenmendoza.com\/?p=6664"},"modified":"2024-04-10T14:46:22","modified_gmt":"2024-04-10T12:46:22","slug":"el-frio-llego-a-mendoza-que-dice-el-pronostico-para-este-miercoles","status":"publish","type":"post","link":"https:\/\/pasaenmendoza.com\/?p=6664","title":{"rendered":"El fr\u00edo lleg\u00f3 a Mendoza: qu\u00e9 dice el pron\u00f3stico para este mi\u00e9rcoles"},"content":{"rendered":"\n<p>Tal como estaba pronosticado, finalmente el fr\u00edo lleg\u00f3 a Mendoza. Para este mi\u00e9rcoles, la&nbsp;<strong>Direcci\u00f3n de Contingencias Clim\u00e1ticas<\/strong>&nbsp;advierte:&nbsp;<em>\u201cCielo mayormente nublado y fr\u00ed\u00ado, con marcado descenso de la temperatura\u201d,&nbsp;<\/em>que oscilar\u00e1 entre los 9 y los 14 grados.<\/p>\n\n\n\n<p>El organismo provincial tambi\u00e9n anticipa&nbsp;<em>\u201cnevadas en cordillera\u201d.<\/em><\/p>\n\n\n\n<p>Mientras que este&nbsp;<strong>jueves<\/strong>&nbsp;estar\u00e1 con cielo parcialmente nublado y fr\u00ed\u00ado, vientos leves del noreste. Nevadas en cordillera.<mark>&nbsp;La m\u00ednima ser\u00e1 de 9 grados y la m\u00e1xima de 13.<\/mark><\/p>\n\n\n\n<p>Entre el\u00a0<strong>viernes y el domingo\u00a0<\/strong>se prev\u00e9 que el fen\u00f3meno contin\u00fae,\u00a0con precipitaciones aisladas y bajas temperaturas. Adem\u00e1s, contin\u00faan las nevadas en cordillera.<\/p>\n\n\n\n<p><mark>Las m\u00ednimas ser\u00e1n no superar\u00e1n los 5 grados, en tanto, las m\u00e1ximas llegar\u00e1n a los 15.<\/mark><\/p>\n\n\n\n<h2 class=\"wp-block-heading\" id=\"h-la-situacion-en-alta-montana\">La situaci\u00f3n en alta monta\u00f1a<\/h2>\n\n\n\n<p>El&nbsp;<strong>Sistema Integrado Cristo Redentor<\/strong>&nbsp;se encuentra&nbsp;<mark>habilitado&nbsp;<\/mark>para todo tipo de veh\u00edculos, durante las 24 horas.<\/p>\n\n\n\n<p>El\u00a0<strong>paso Pehuenche<\/strong>\u00a0est\u00e1\u00a0<mark>transitable<\/mark>, de 9 a 19.<\/p>\n\n\n\n<p><strong>Fuente: www.elsol.com.ar<\/strong><\/p>\n","protected":false},"excerpt":{"rendered":"<p>Tal como estaba pronosticado, finalmente el fr\u00edo lleg\u00f3 a Mendoza. Para este mi\u00e9rcoles, la&nbsp;Direcci\u00f3n de Contingencias Clim\u00e1ticas&nbsp;advierte:&nbsp;\u201cCielo mayormente nublado y fr\u00ed\u00ado, con marcado descenso de la temperatura\u201d,&nbsp;que oscilar\u00e1 entre los 9 y los 14 grados. El organismo provincial tambi\u00e9n anticipa&nbsp;\u201cnevadas en cordillera\u201d. Mientras que este&nbsp;jueves&nbsp;estar\u00e1 con cielo parcialmente nublado y fr\u00ed\u00ado, vientos leves del noreste. [&hellip;]<\/p>\n","protected":false},"author":2,"featured_media":6665,"comment_status":"open","ping_status":"open","sticky":false,"template":"","format":"standard","meta":[],"categories":[52],"tags":[],"_links":{"self":[{"href":"https:\/\/pasaenmendoza.com\/index.php?rest_route=\/wp\/v2\/posts\/6664"}],"collection":[{"href":"https:\/\/pasaenmendoza.com\/index.php?rest_route=\/wp\/v2\/posts"}],"about":[{"href":"https:\/\/pasaenmendoza.com\/index.php?rest_route=\/wp\/v2\/types\/post"}],"author":[{"embeddable":true,"href":"https:\/\/pasaenmendoza.com\/index.php?rest_route=\/wp\/v2\/users\/2"}],"replies":[{"embeddable":true,"href":"https:\/\/pasaenmendoza.com\/index.php?rest_route=%2Fwp%2Fv2%2Fcomments&post=6664"}],"version-history":[{"count":1,"href":"https:\/\/pasaenmendoza.com\/index.php?rest_route=\/wp\/v2\/posts\/6664\/revisions"}],"predecessor-version":[{"id":6666,"href":"https:\/\/pasaenmendoza.com\/index.php?rest_route=\/wp\/v2\/posts\/6664\/revisions\/6666"}],"wp:featuredmedia":[{"embeddable":true,"href":"https:\/\/pasaenmendoza.com\/index.php?rest_route=\/wp\/v2\/media\/6665"}],"wp:attachment":[{"href":"https:\/\/pasaenmendoza.com\/index.php?rest_route=%2Fwp%2Fv2%2Fmedia&parent=6664"}],"wp:term":[{"taxonomy":"category","embeddable":true,"href":"https:\/\/pasaenmendoza.com\/index.php?rest_route=%2Fwp%2Fv2%2Fcategories&post=6664"},{"taxonomy":"post_tag","embeddable":true,"href":"https:\/\/pasaenmendoza.com\/index.php?rest_route=%2Fwp%2Fv2%2Ftags&post=6664"}],"curies":[{"name":"wp","href":"https:\/\/api.w.org\/{rel}","templated":true}]}}