{"id":6671,"date":"2024-04-10T15:25:24","date_gmt":"2024-04-10T13:25:24","guid":{"rendered":"https:\/\/pasaenmendoza.com\/?p=6671"},"modified":"2024-04-10T15:25:26","modified_gmt":"2024-04-10T13:25:26","slug":"liberaron-y-deportaron-al-hincha-de-colo-colo-que-fue-denunciado-por-abuso-sexual-en-una-plaza","status":"publish","type":"post","link":"https:\/\/pasaenmendoza.com\/?p=6671","title":{"rendered":"Liberaron y deportaron al hincha de Colo Colo que fue denunciado por abuso sexual en una plaza"},"content":{"rendered":"\n<p>La Justicia decidi\u00f3 liberar y deportar\u00a0al \u00faltimo hincha de\u00a0<strong>Colo Colo<\/strong>\u00a0que continuaba detenido\u00a0tras el paso de la Garra Blanca por Mendoza a mediados de febrero pasado. El hombre est\u00e1 acusado por un presunto<strong>\u00a0abuso sexual en Ciudad<\/strong>, pero las pruebas se fueron diluyendo y la propia Fiscal\u00eda de Delitos Sexuales determin\u00f3 que puede regresar a su pa\u00eds natal este martes.<\/p>\n\n\n\n<p>El hombre de 31 a\u00f1os estaba detenido desde la madrugada del 22 de febrero pasado, mismo d\u00eda en que Godoy Cruz cay\u00f3 ante Colo Colo cuando se disput\u00f3 el partido en el Malvinas Argentinas en horas de la noche.\u00a0<strong>Una trabajadora sexual denunci\u00f3 que fue abordada por el sospechoso, la amenaz\u00f3 con un cuchillo, la llev\u00f3 hasta una plaza y la abus\u00f3 sexualmente. Desde entonces se encontraba alojado en el penal e imputado por abuso sexual con acceso carnal agravado por el uso de arma.<\/strong><\/p>\n\n\n\n<p>Sin embargo, con el correr de los d\u00edas las pruebas se fueron diluyendo. Si bien en un principio se detect\u00f3 que la denunciante ten\u00eda lesiones, luego constataron que en realidad desde hac\u00eda\u00a0<strong>varios d\u00edas arrastraba una dolencia en una de sus piernas.<\/strong>\u00a0Adem\u00e1s se encontraron\u00a0<strong>tres perfiles gen\u00e9ticos<\/strong>\u00a0en la prenda de\u00a0<strong>ropa interior<\/strong>\u00a0de la mujer pero ninguna era del sospechoso. Fuentes judiciales detallaron que adem\u00e1s se encontr\u00f3 una c\u00e1mara de seguridad donde se puede ver que la denunciante y el chileno se quedan hablando durante<strong>\u00a0varios minutos<\/strong>\u00a0tras el encuentro que mantuvieron en la plaza Almirante Brown.<\/p>\n\n\n\n<p>Ante este panorama,&nbsp;<strong>la propia fiscal Mar\u00eda de las Merecedes Moya solicit\u00f3 la libertad del imputado<\/strong>, pedido que l\u00f3gicamente fue acompa\u00f1ado por su abogado defensor Jos\u00e9 Ignacio Espinoza. Este martes, la jueza Mar\u00eda Julieta Esp\u00ednola accedi\u00f3 a la solicitud y adem\u00e1s impuso que<strong>&nbsp;sea deportado y no pueda volver a ingresar a Argentina en forma permanente<\/strong>. De no mediar sorpresas, el hombre terminar\u00e1 sobrese\u00eddo en los pr\u00f3ximos d\u00edas.<\/p>\n\n\n\n<h2 class=\"wp-block-heading\">Abuso sexual en Ciudad<\/h2>\n\n\n\n<p>La acusaci\u00f3n sosten\u00eda que\u00a0<strong>el sospechoso intercept\u00f3 a la trabajadora sexual que caminaba por el frente del Hospital Central. Le exhibi\u00f3 un cuchillo y le dijo &#8220;camin\u00e1 porque te apu\u00f1alo entera&#8221;. De esta forma la llev\u00f3 hasta la plaza Almirante Brown, ubicada a muy pocos metros entre calles Montecaseros, Costanera, Alem y Garibaldi. En ese espacio verde, detr\u00e1s de una estatua, la abus\u00f3 sexualmente.\u00a0<\/strong>Tras el hecho, la v\u00edctima de 29 a\u00f1os llam\u00f3 al 911 y el sospechoso fue detenido minutos despu\u00e9s.<\/p>\n\n\n\n<p><strong>Fuente: www.diariouno.com.ar<\/strong><\/p>\n","protected":false},"excerpt":{"rendered":"<p>La Justicia decidi\u00f3 liberar y deportar\u00a0al \u00faltimo hincha de\u00a0Colo Colo\u00a0que continuaba detenido\u00a0tras el paso de la Garra Blanca por Mendoza a mediados de febrero pasado. El hombre est\u00e1 acusado por un presunto\u00a0abuso sexual en Ciudad, pero las pruebas se fueron diluyendo y la propia Fiscal\u00eda de Delitos Sexuales determin\u00f3 que puede regresar a su pa\u00eds [&hellip;]<\/p>\n","protected":false},"author":2,"featured_media":6672,"comment_status":"open","ping_status":"open","sticky":false,"template":"","format":"standard","meta":[],"categories":[48],"tags":[],"_links":{"self":[{"href":"https:\/\/pasaenmendoza.com\/index.php?rest_route=\/wp\/v2\/posts\/6671"}],"collection":[{"href":"https:\/\/pasaenmendoza.com\/index.php?rest_route=\/wp\/v2\/posts"}],"about":[{"href":"https:\/\/pasaenmendoza.com\/index.php?rest_route=\/wp\/v2\/types\/post"}],"author":[{"embeddable":true,"href":"https:\/\/pasaenmendoza.com\/index.php?rest_route=\/wp\/v2\/users\/2"}],"replies":[{"embeddable":true,"href":"https:\/\/pasaenmendoza.com\/index.php?rest_route=%2Fwp%2Fv2%2Fcomments&post=6671"}],"version-history":[{"count":1,"href":"https:\/\/pasaenmendoza.com\/index.php?rest_route=\/wp\/v2\/posts\/6671\/revisions"}],"predecessor-version":[{"id":6673,"href":"https:\/\/pasaenmendoza.com\/index.php?rest_route=\/wp\/v2\/posts\/6671\/revisions\/6673"}],"wp:featuredmedia":[{"embeddable":true,"href":"https:\/\/pasaenmendoza.com\/index.php?rest_route=\/wp\/v2\/media\/6672"}],"wp:attachment":[{"href":"https:\/\/pasaenmendoza.com\/index.php?rest_route=%2Fwp%2Fv2%2Fmedia&parent=6671"}],"wp:term":[{"taxonomy":"category","embeddable":true,"href":"https:\/\/pasaenmendoza.com\/index.php?rest_route=%2Fwp%2Fv2%2Fcategories&post=6671"},{"taxonomy":"post_tag","embeddable":true,"href":"https:\/\/pasaenmendoza.com\/index.php?rest_route=%2Fwp%2Fv2%2Ftags&post=6671"}],"curies":[{"name":"wp","href":"https:\/\/api.w.org\/{rel}","templated":true}]}}