{"id":6674,"date":"2024-04-10T15:48:26","date_gmt":"2024-04-10T13:48:26","guid":{"rendered":"https:\/\/pasaenmendoza.com\/?p=6674"},"modified":"2024-04-10T15:48:29","modified_gmt":"2024-04-10T13:48:29","slug":"apunalo-al-perro-de-su-vecina-porque-se-canso-de-que-hiciera-caca-en-la-puerta-de-su-casa","status":"publish","type":"post","link":"https:\/\/pasaenmendoza.com\/?p=6674","title":{"rendered":"Apu\u00f1al\u00f3 al perro de su vecina porque \u201cse cans\u00f3\u201d de que hiciera caca en la puerta de su casa"},"content":{"rendered":"\n<p>El caso de un joven que descarg\u00f3 su furia contra el&nbsp;<strong>perro&nbsp;<\/strong>de su vecina desemboc\u00f3 en una denuncia penal el pasado fin de semana en&nbsp;<strong>Guaymall\u00e9n<\/strong>. El agresor le dio una pu\u00f1alada al can y asegur\u00f3 que lo hizo por estar cansado de que hiciera caca en el ingreso a su domicilio.<\/p>\n\n\n\n<p>La informaci\u00f3n policial se\u00f1ala que alrededor de las 12.30 del domingo, un llamado a la l\u00ednea de emergencias 911 alert\u00f3 sobre el ataque contra el animal en la manzana O del&nbsp;<strong>barrio El Carmen<\/strong>.<\/p>\n\n\n\n<p>Efectivos se desplazaron hasta ese lugar y mantuvieron una charla con la denunciante, quien\u00a0<mark>relat\u00f3 que su vecino, de 27 a\u00f1os, le dio un puntazo a su perro en una pata<\/mark>\u00a0y que su padre presenci\u00f3 el hecho.<\/p>\n\n\n\n<p>Acto seguido, los uniformados entrevistaron al sindicado agresor y les asegur\u00f3 que&nbsp;<mark><em>\u201cestaba cansado\u201d<\/em>&nbsp;de que el can hiciera sus necesidades y rompiera el jard\u00edn frontal de su domicilio<\/mark>, surge del procedimiento.<\/p>\n\n\n\n<p>Por ese motivo, se le dio intervenci\u00f3n a una ayudante fiscal de turno de la&nbsp;<strong>Oficina Fiscal N\u00ba 9<\/strong>, quien dispuso recepcionar la denuncia de la due\u00f1a de la mascota y que se realizara el procedimiento e inspecci\u00f3n correspondiente en la escena.<\/p>\n\n\n\n<p>Por su parte, no se tom\u00f3 ninguna medida privativa de la libertad sobre el sospechoso, aunque\u00a0<mark>qued\u00f3 identificado por presunta infracci\u00f3n a la\u00a0<strong>Ley Sarmiento de Protecci\u00f3n de Animales N\u00ba 2786<\/strong><\/mark>.<\/p>\n\n\n\n<p><strong>Fuente: www.elsol.com.ar<\/strong><\/p>\n","protected":false},"excerpt":{"rendered":"<p>El caso de un joven que descarg\u00f3 su furia contra el&nbsp;perro&nbsp;de su vecina desemboc\u00f3 en una denuncia penal el pasado fin de semana en&nbsp;Guaymall\u00e9n. El agresor le dio una pu\u00f1alada al can y asegur\u00f3 que lo hizo por estar cansado de que hiciera caca en el ingreso a su domicilio. La informaci\u00f3n policial se\u00f1ala que [&hellip;]<\/p>\n","protected":false},"author":2,"featured_media":6675,"comment_status":"open","ping_status":"open","sticky":false,"template":"","format":"standard","meta":[],"categories":[48],"tags":[],"_links":{"self":[{"href":"https:\/\/pasaenmendoza.com\/index.php?rest_route=\/wp\/v2\/posts\/6674"}],"collection":[{"href":"https:\/\/pasaenmendoza.com\/index.php?rest_route=\/wp\/v2\/posts"}],"about":[{"href":"https:\/\/pasaenmendoza.com\/index.php?rest_route=\/wp\/v2\/types\/post"}],"author":[{"embeddable":true,"href":"https:\/\/pasaenmendoza.com\/index.php?rest_route=\/wp\/v2\/users\/2"}],"replies":[{"embeddable":true,"href":"https:\/\/pasaenmendoza.com\/index.php?rest_route=%2Fwp%2Fv2%2Fcomments&post=6674"}],"version-history":[{"count":1,"href":"https:\/\/pasaenmendoza.com\/index.php?rest_route=\/wp\/v2\/posts\/6674\/revisions"}],"predecessor-version":[{"id":6676,"href":"https:\/\/pasaenmendoza.com\/index.php?rest_route=\/wp\/v2\/posts\/6674\/revisions\/6676"}],"wp:featuredmedia":[{"embeddable":true,"href":"https:\/\/pasaenmendoza.com\/index.php?rest_route=\/wp\/v2\/media\/6675"}],"wp:attachment":[{"href":"https:\/\/pasaenmendoza.com\/index.php?rest_route=%2Fwp%2Fv2%2Fmedia&parent=6674"}],"wp:term":[{"taxonomy":"category","embeddable":true,"href":"https:\/\/pasaenmendoza.com\/index.php?rest_route=%2Fwp%2Fv2%2Fcategories&post=6674"},{"taxonomy":"post_tag","embeddable":true,"href":"https:\/\/pasaenmendoza.com\/index.php?rest_route=%2Fwp%2Fv2%2Ftags&post=6674"}],"curies":[{"name":"wp","href":"https:\/\/api.w.org\/{rel}","templated":true}]}}