{"id":6678,"date":"2024-04-10T23:37:18","date_gmt":"2024-04-10T21:37:18","guid":{"rendered":"https:\/\/pasaenmendoza.com\/?p=6678"},"modified":"2024-04-10T23:37:20","modified_gmt":"2024-04-10T21:37:20","slug":"becas-progresar-2024-abrio-la-convocatoria-y-estos-son-los-requisitos","status":"publish","type":"post","link":"https:\/\/pasaenmendoza.com\/?p=6678","title":{"rendered":"Becas Progresar 2024: abri\u00f3 la convocatoria y estos son los requisitos"},"content":{"rendered":"\n<p>La Secretar\u00eda de Educaci\u00f3n del Ministerio de Capital Humano abri\u00f3 este mi\u00e9rcoles la convocatoria de&nbsp;<strong>Becas Progresar 2024<\/strong>&nbsp;que permiten a los beneficiarios terminar sus estudios, cursarlos en el nivel superior o formarse profesionalmente.<\/p>\n\n\n\n<p><mark>El periodo de inscripci\u00f3n inicia este 10 de abril<\/mark>&nbsp;para todas sus l\u00edneas de becas,&nbsp;<mark>cierra el 30 de abril para Progresar Obligatorio y Progresar Superior<\/mark>&nbsp;(que incluye Enfermer\u00eda), y&nbsp;<mark>se extiende hasta el 30 de noviembre para Progresar Trabajo<\/mark>.<\/p>\n\n\n\n<p>Los\u00a0<strong>requisitos de edad<\/strong>\u00a0para acceder var\u00edan seg\u00fan la l\u00ednea de beca.<\/p>\n\n\n\n<ul>\n<li>Para Progresar Obligatorio, los estudiantes deben tener&nbsp;<mark>entre 16 y 24 a\u00f1os<\/mark>.<\/li>\n\n\n\n<li>Para Progresar Superior,&nbsp;<mark>entre 17 y 24 o hasta 30<\/mark>&nbsp;si est\u00e1n avanzados en la carrera (para Enfermer\u00eda no hay l\u00edmite de edad).<\/li>\n\n\n\n<li>Quienes apliquen a Progresar Trabajo deben tener<mark>&nbsp;entre 18 y 24 a\u00f1os<\/mark>, ampli\u00e1ndose a 40 para quienes no poseen trabajo formal registrado.<\/li>\n<\/ul>\n\n\n\n<p><mark>En todas las l\u00edneas, pueden inscribirse aspirantes de hasta 35 a\u00f1os de edad<\/mark>&nbsp;si tienen hijos menores de 18 a cargo y pertenecen a hogares monoparentales.<\/p>\n\n\n\n<p><mark>Los ingresos del grupo familiar de los aspirantes no deben superar tres veces el Salario M\u00ednimo Vital y M\u00f3vil<\/mark>&nbsp;vigente en Argentina.<\/p>\n\n\n\n<p>Tambi\u00e9n deber\u00e1n acreditar la asistencia regular a una instituci\u00f3n educativa y cumplir con los avances acad\u00e9micos que solicita cada l\u00ednea.<\/p>\n\n\n\n<p>Los beneficiarios de la beca Progresar&nbsp;<mark>cobrar\u00e1n 12 cuotas mensuales que sumar\u00e1n un total de $240.000.<\/mark><\/p>\n\n\n\n<h2 class=\"wp-block-heading\" id=\"h-para-nivel-obligatorio\">Para nivel obligatorio<\/h2>\n\n\n\n<p>En el&nbsp;<strong>nivel obligatorio<\/strong>&nbsp;la trayectoria no debe verse interrumpida. La asistencia a clase ser\u00e1 monitoreada en 3 certificaciones anuales;&nbsp;<mark>un registro negativo de presencialidad podr\u00eda significar la suspensi\u00f3n de la beca.<\/mark><\/p>\n\n\n\n<p>Los estudiantes deber\u00e1n realizar\u00a0<mark>un curso de orientaci\u00f3n vocacional y laboral de car\u00e1cter obligatorio<\/mark>. Tendr\u00e1 una duraci\u00f3n de dos meses y se organizar\u00e1 en m\u00f3dulos autoasistidos. El cobro de la beca estar\u00e1 sujeto a su realizaci\u00f3n.<\/p>\n\n\n\n<h2 class=\"wp-block-heading\" id=\"h-para-nivel-superior\">Para nivel superior<\/h2>\n\n\n\n<p>Para las becas de&nbsp;<strong>nivel superior<\/strong>&nbsp;para estudiantes avanzados, se pasar\u00e1 del requisito m\u00ednimo de 2 materias del a\u00f1o anterior aprobadas al&nbsp;<mark>requisito de 50 % de materias del a\u00f1o anterior aprobadas.<\/mark><\/p>\n\n\n\n<p>Pero habr\u00e1 una distinci\u00f3n entre quienes tuvieron beca en 2023 y quienes la solicitan por primera vez.<\/p>\n\n\n\n<p>Quienes tuvieron beca en 2023 y no alcanzan el 50 % de materias aprobadas seg\u00fan el plan de estudios de ese a\u00f1o, podr\u00e1n aplicar al programa. Sin embargo, si son adjudicados, percibir\u00e1n la cuota de transici\u00f3n establecida para 2024, que ser\u00e1 un 80 % del monto mensual de la beca.<\/p>\n\n\n\n<p>Quienes quieran acceder a la beca por primera vez, deber\u00e1n cumplir con el requisito del 50 % de materias aprobadas del plan de estudios cursado en 2023 y \u2014de ser adjudicados\u2014 percibir\u00e1n el 100 % del monto mensual de la beca.<\/p>\n\n\n\n<p><strong>Fuente: www.elsol.com.ar<\/strong><\/p>\n","protected":false},"excerpt":{"rendered":"<p>La Secretar\u00eda de Educaci\u00f3n del Ministerio de Capital Humano abri\u00f3 este mi\u00e9rcoles la convocatoria de&nbsp;Becas Progresar 2024&nbsp;que permiten a los beneficiarios terminar sus estudios, cursarlos en el nivel superior o formarse profesionalmente. El periodo de inscripci\u00f3n inicia este 10 de abril&nbsp;para todas sus l\u00edneas de becas,&nbsp;cierra el 30 de abril para Progresar Obligatorio y Progresar [&hellip;]<\/p>\n","protected":false},"author":2,"featured_media":6679,"comment_status":"open","ping_status":"open","sticky":false,"template":"","format":"standard","meta":[],"categories":[50],"tags":[],"_links":{"self":[{"href":"https:\/\/pasaenmendoza.com\/index.php?rest_route=\/wp\/v2\/posts\/6678"}],"collection":[{"href":"https:\/\/pasaenmendoza.com\/index.php?rest_route=\/wp\/v2\/posts"}],"about":[{"href":"https:\/\/pasaenmendoza.com\/index.php?rest_route=\/wp\/v2\/types\/post"}],"author":[{"embeddable":true,"href":"https:\/\/pasaenmendoza.com\/index.php?rest_route=\/wp\/v2\/users\/2"}],"replies":[{"embeddable":true,"href":"https:\/\/pasaenmendoza.com\/index.php?rest_route=%2Fwp%2Fv2%2Fcomments&post=6678"}],"version-history":[{"count":1,"href":"https:\/\/pasaenmendoza.com\/index.php?rest_route=\/wp\/v2\/posts\/6678\/revisions"}],"predecessor-version":[{"id":6680,"href":"https:\/\/pasaenmendoza.com\/index.php?rest_route=\/wp\/v2\/posts\/6678\/revisions\/6680"}],"wp:featuredmedia":[{"embeddable":true,"href":"https:\/\/pasaenmendoza.com\/index.php?rest_route=\/wp\/v2\/media\/6679"}],"wp:attachment":[{"href":"https:\/\/pasaenmendoza.com\/index.php?rest_route=%2Fwp%2Fv2%2Fmedia&parent=6678"}],"wp:term":[{"taxonomy":"category","embeddable":true,"href":"https:\/\/pasaenmendoza.com\/index.php?rest_route=%2Fwp%2Fv2%2Fcategories&post=6678"},{"taxonomy":"post_tag","embeddable":true,"href":"https:\/\/pasaenmendoza.com\/index.php?rest_route=%2Fwp%2Fv2%2Ftags&post=6678"}],"curies":[{"name":"wp","href":"https:\/\/api.w.org\/{rel}","templated":true}]}}