{"id":6684,"date":"2024-04-11T00:01:00","date_gmt":"2024-04-10T22:01:00","guid":{"rendered":"https:\/\/pasaenmendoza.com\/?p=6684"},"modified":"2024-04-11T00:01:01","modified_gmt":"2024-04-10T22:01:01","slug":"vinateros-de-mendoza-y-de-san-juan-rechazaron-la-apertura-de-la-importacion-de-vinos","status":"publish","type":"post","link":"https:\/\/pasaenmendoza.com\/?p=6684","title":{"rendered":"Vi\u00f1ateros de Mendoza y de San Juan rechazaron la apertura de la importaci\u00f3n de vinos"},"content":{"rendered":"\n<p>La pol\u00e9mica por la apertura de la<strong>\u00a0importaci\u00f3n de vinos,\u00a0<\/strong>de la que el\u00a0Grupo Pe\u00f1aflor hizo punta, tuvo un nuevo cap\u00edtulo con un fuerte pronunciamiento de vi\u00f1ateros de Mendoza y de San Juan<\/p>\n\n\n\n<p>&#8220;Decimos no a la importaci\u00f3n de vinos y a la especulaci\u00f3n&#8221; expresaron los representantes de diferentes espacios vitivin\u00edcolas de las dos provincias.<\/p>\n\n\n\n<p>Las instituciones que firmaron el documento son: Asociaci\u00f3n de Productores del Oasis Este de Mendoza (Aproem), Asociaci\u00f3n de Vi\u00f1ateros de Mendoza (AVM), Centro de Vi\u00f1ateros y Bodegueros del Este; C\u00e1mara de Agricultura, Industria, Comercio y Turismo del Valle de Tupungato; Federaci\u00f3n de Vi\u00f1ateros de San Juan; Asociaci\u00f3n de Vi\u00f1ateros Independientes de San Juan y Mesa Vit\u00edcola de San Juan.<\/p>\n\n\n\n<h2 class=\"wp-block-heading\">Bodegueros de Mendoza y San Juan, en contra de las importaciones de vino<\/h2>\n\n\n\n<p>El conflicto por este tema comenz\u00f3 cuando se conoci\u00f3 que el Grupo Pe\u00f1aflor import\u00f3 4 millones de litros de vino de Chile. Luego se supo que por lo menos 4 bodegas m\u00e1s iniciaron los tr\u00e1mites para hacer lo mismo.<\/p>\n\n\n\n<p>Desde algunos sectores de la vitivinicultura se alzaron voces en contra de Pe\u00f1aflor pero quien le baj\u00f3 el tono a la pol\u00e9mica fue el ministro de Producci\u00f3n de Mendoza,\u00a0<strong>Rodolfo Vargas Arizu,\u00a0<\/strong>quien pidi\u00f3 no temerles a las importaciones al asegurar que los vinos de la regi\u00f3n son altamente competitivos.<\/p>\n\n\n\n<p>No opinaron lo mismo las siete entidades que se manifestaron con un comunicado que titularon:<strong>\u00a0&#8220;Porque defendemos el trabajo le decimos no a la importaci\u00f3n de vinos y a la especulaci\u00f3n&#8221;.<\/strong><\/p>\n\n\n\n<p>Los que firmaron esta nota afirman que lo hicieron &#8220;en representaci\u00f3n de toda la cadena vitivin\u00edcola de las provincias de Mendoza y San Juan&#8221;.<\/p>\n\n\n\n<p><strong>&#8220;Queremos expresar nuestra firme oposici\u00f3n ante los intentos de importaci\u00f3n de vino, que han generado controversia en el sector&#8221;,\u00a0<\/strong>resaltaron.<\/p>\n\n\n\n<h2 class=\"wp-block-heading\">Lo que dice el comunicado de las entidades vi\u00f1ateras de Mendoza y San Juan<\/h2>\n\n\n\n<p>El pronunciamiento se\u00f1ala que &#8220;tras lo comunicado por el INV, varios grupos o empresas, adem\u00e1s de las que ya lo hicieron (Pe\u00f1aflor), est\u00e1n iniciando tramites a fines de lograr importar vino. Algunas con el fundamento que niega la disponibilidad de vino gen\u00e9rico en el mercado local, otros con el agraviante en su falta de calidads.<strong>&nbsp;Declaramos enf\u00e1ticamente que esto constituye una falacia&#8221;.<\/strong><\/p>\n\n\n\n<p>&#8220;Hemos mantenido conversaciones con diversas c\u00e1maras bodegueras y c\u00e1maras trasladistas, las cuales confirman que el vino gen\u00e9rico est\u00e1 disponible y existe no s\u00f3lo en oferta, sino en excelente calidad para abastecer al mercado con normalidad. Nos parece desafortunado y lamentable que se intente atribuir a la falta de calidad en nuestros vinos los intentos de importaci\u00f3n. Los que estamos en la industria sabemos los intereses que motivan esos dichos. Lamentablemente el consumidor no&#8221;<\/p>\n\n\n\n<p><strong>&#8220;Creemos que el \u00fanico inter\u00e9s es desequilibrar el mercado local y ejercer presi\u00f3n sobre los precios a la baja<\/strong>. Estas acciones impactan negativamente en el sector vi\u00f1atero de Mendoza, San Juan y el resto del pa\u00eds, afectando la econom\u00eda y el sustento de numerosas familias productoras&#8221;.<\/p>\n\n\n\n<p><strong><br>Instamos a todos los proveedores locales (productores de uva o due\u00f1os de vino y bodegas trasladistas) a no ceder ante estas pr\u00e1cticas desleales, dejando de realizar operaciones con los mismos y a mantenerse firmes en la defensa de sus derechos y su sustento econ\u00f3mico<\/strong><\/p>\n\n\n\n<h2 class=\"wp-block-heading\">Vi\u00f1ateros reclaman igualdad de condiciones<\/h2>\n\n\n\n<p>A modo de reclamo dicen los vi\u00f1ateros que &#8220;exigimos a las autoridades nacionales y provinciales igualdad de condiciones en el mercado,&nbsp;<strong>as\u00ed como un control riguroso del INV sobre las importaciones de vino<\/strong>, garantizando que se cumpla con la legislaci\u00f3n argentina en materia de calidad y composici\u00f3n (ejemplo: normas de calidad y variedades permitidas utilizadas para su elaboraci\u00f3n, exigiendo un an\u00e1lisis de malvidina, agua ex\u00f3gena, etc\u00e9tera) dando las garant\u00edas de que esos vinos no sean cortados con vinos nacionales previo a los controles al momento de su autorizaci\u00f3n. Es funci\u00f3n esencial del INV controlar la genuinidad de los vinos que ingresan al pa\u00eds, aplicando la misma rigurosidad que la exigida a nuestros productos de origen nacional&#8221;.<\/p>\n\n\n\n<p>En la conclusi\u00f3n las instituciones firmantes aseguran que &#8220;Las entidades continuaremos trabajando en la protecci\u00f3n y promoci\u00f3n de los intereses de toda la cadena, velando por una justa distribuci\u00f3n para todos los actores involucrados en la industria vitivin\u00edcola de la regi\u00f3n&#8221;.<\/p>\n\n\n\n<p><strong>Fuente: www.diariouno.com.ar<\/strong><\/p>\n","protected":false},"excerpt":{"rendered":"<p>La pol\u00e9mica por la apertura de la\u00a0importaci\u00f3n de vinos,\u00a0de la que el\u00a0Grupo Pe\u00f1aflor hizo punta, tuvo un nuevo cap\u00edtulo con un fuerte pronunciamiento de vi\u00f1ateros de Mendoza y de San Juan &#8220;Decimos no a la importaci\u00f3n de vinos y a la especulaci\u00f3n&#8221; expresaron los representantes de diferentes espacios vitivin\u00edcolas de las dos provincias. Las instituciones [&hellip;]<\/p>\n","protected":false},"author":2,"featured_media":6685,"comment_status":"open","ping_status":"open","sticky":false,"template":"","format":"standard","meta":[],"categories":[87],"tags":[],"_links":{"self":[{"href":"https:\/\/pasaenmendoza.com\/index.php?rest_route=\/wp\/v2\/posts\/6684"}],"collection":[{"href":"https:\/\/pasaenmendoza.com\/index.php?rest_route=\/wp\/v2\/posts"}],"about":[{"href":"https:\/\/pasaenmendoza.com\/index.php?rest_route=\/wp\/v2\/types\/post"}],"author":[{"embeddable":true,"href":"https:\/\/pasaenmendoza.com\/index.php?rest_route=\/wp\/v2\/users\/2"}],"replies":[{"embeddable":true,"href":"https:\/\/pasaenmendoza.com\/index.php?rest_route=%2Fwp%2Fv2%2Fcomments&post=6684"}],"version-history":[{"count":1,"href":"https:\/\/pasaenmendoza.com\/index.php?rest_route=\/wp\/v2\/posts\/6684\/revisions"}],"predecessor-version":[{"id":6686,"href":"https:\/\/pasaenmendoza.com\/index.php?rest_route=\/wp\/v2\/posts\/6684\/revisions\/6686"}],"wp:featuredmedia":[{"embeddable":true,"href":"https:\/\/pasaenmendoza.com\/index.php?rest_route=\/wp\/v2\/media\/6685"}],"wp:attachment":[{"href":"https:\/\/pasaenmendoza.com\/index.php?rest_route=%2Fwp%2Fv2%2Fmedia&parent=6684"}],"wp:term":[{"taxonomy":"category","embeddable":true,"href":"https:\/\/pasaenmendoza.com\/index.php?rest_route=%2Fwp%2Fv2%2Fcategories&post=6684"},{"taxonomy":"post_tag","embeddable":true,"href":"https:\/\/pasaenmendoza.com\/index.php?rest_route=%2Fwp%2Fv2%2Ftags&post=6684"}],"curies":[{"name":"wp","href":"https:\/\/api.w.org\/{rel}","templated":true}]}}