{"id":6687,"date":"2024-04-11T00:25:32","date_gmt":"2024-04-10T22:25:32","guid":{"rendered":"https:\/\/pasaenmendoza.com\/?p=6687"},"modified":"2024-04-11T00:25:33","modified_gmt":"2024-04-10T22:25:33","slug":"las-estaciones-de-servicio-de-mendoza-recurren-a-parques-solares-para-reducir-50-la-factura-electrica","status":"publish","type":"post","link":"https:\/\/pasaenmendoza.com\/?p=6687","title":{"rendered":"Las estaciones de servicio de Mendoza recurren a parques solares para reducir 50% la factura el\u00e9ctrica"},"content":{"rendered":"\n<p><strong>Una veintena de estaciones de servicio decidieron avanzar con la construcci\u00f3n de dos\u00a0parques solares en la provincia\u00a0de Mendoza<\/strong>, lo que les permitir\u00e1 inyectar a la red la energ\u00eda generada a un costo muy inferior del que actualmente reciben por el sistema, m\u00e1s a\u00fan despu\u00e9s de la reciente quita de subsidios.<\/p>\n\n\n\n<p>La iniciativa busca convertirse en una experiencia piloto que pueda ir escalando en todo el pa\u00eds como parte de la transformaci\u00f3n que se avecina en los pr\u00f3ximos a\u00f1os para estos puntos de carga con el avance de la electromovilidad.<\/p>\n\n\n\n<h2 class=\"wp-block-heading\">Parque solar en Las Heras<\/h2>\n\n\n\n<p>El proyecto desarrollado desde la\u00a0<strong>Confederaci\u00f3n de Entidades del Comercio de Hidrocarburos y Afines (Cecha)<\/strong>\u00a0tiene su punto de partida en el Parque Industrial del departamento de Las Heras, donde se instalar\u00e1n en terrenos ya adquiridos\u00a0<strong>dos parques solares de 2Mw cada uno<\/strong>, lo que permitir\u00e1 abastecer la\u00a0<strong>demanda el\u00e9ctrica de 20 estaciones de servicio<\/strong>\u00a0de distintas banderas ubicadas en distintas localidades de la provincia.<\/p>\n\n\n\n<p>El marco legal de la iniciativa es la\u00a0<strong>Ley 27.424<\/strong>\u00a0que establece el R\u00e9gimen de Fomento a la Generaci\u00f3n Distribuida de Energ\u00eda Renovable e Integrada a la Red El\u00e9ctrica P\u00fablica al que adhirieron 15 provincias y por el cual,\u00a0<strong>a fines de febrero, alcanzaba a 35.241 Kw de potencia instalada, aportados por 1679 usuarios generadores (UG) en 15 provincias<\/strong>.<\/p>\n\n\n\n<p>El presidente de Cecha,&nbsp;<strong>Isabelino Rodr\u00edguez<\/strong>, explic\u00f3 que si bien el proyecto de la autogeneraci\u00f3n de energ\u00eda el\u00e9ctrica no es nuevo,&nbsp;<strong>la eliminaci\u00f3n de subsidios que provoc\u00f3 una escalada de las facturas que est\u00e1n recibiendo las estaciones de servicio&nbsp;<\/strong>oblig\u00f3 a acelerar su ejecuci\u00f3n y a empezar a definir los acuerdos que se vienen negociando con las empresas de tecnolog\u00eda e infraestructura&nbsp;<strong>Impsa<\/strong>&nbsp;e&nbsp;<strong>YPF Luz<\/strong>, la mayor generadora el\u00e9ctrica en el segmento corporativo.<\/p>\n\n\n\n<h2 class=\"wp-block-heading\">Cu\u00e1nto se pueden ahorrar las estaciones de servicio<\/h2>\n\n\n\n<p>El&nbsp;<strong>incremento de las tarifas el\u00e9ctricas<\/strong>&nbsp;alcanz\u00f3 en particular a las estaciones duales, aquellas que suministran combustibles y GNC y las exclusivamente de GNC, que pasaron de pagar facturas de $ 1,5 millones en enero a los actuales $ 5 millones.&nbsp;<strong>En el pa\u00eds existen poco m\u00e1s de 5200 estaciones de servicio, de las cuales 1000 tienen esta caracter\u00edstica de suministro de alto consumo el\u00e9ctrico debido a la demanda de los compresores de gas<\/strong>.<\/p>\n\n\n\n<p>Con estas cifras, la energ\u00eda producida por un parque de generaci\u00f3n de energ\u00eda el\u00e9ctrica de origen fotovoltaica&nbsp;<strong>permitir\u00eda ahorrar aproximadamente un 50% del costo de la factura del servicio el\u00e9ctrico de una estaci\u00f3n de servicio<\/strong>. As\u00ed, para un costo mensual del orden de $5 millones el ahorro ser\u00eda de $ 2,5 millones mensuales.<\/p>\n\n\n\n<p>La inversi\u00f3n en generaci\u00f3n fotovoltaica\u00a0<strong>se repaga en aproximadamente en 6,5 a\u00f1os<\/strong>\u00a0con una tasa interna de retorno o TIR de un 15%. La financiaci\u00f3n puede surgir de la emisi\u00f3n de un bono verde, financiamiento bancario o del mismo constructor que entregar\u00eda el parque bajo la operatoria de llave en mano.<\/p>\n\n\n\n<p>Para Rodr\u00edguez la continuidad de la idea es extender la construcci\u00f3n de parque solares a otras jurisdicciones a nivel nacional que hayan adherido al r\u00e9gimen de promoci\u00f3n federal y que tengan condiciones favorables de radiaci\u00f3n solar que permitan maximizar la inversi\u00f3n.<\/p>\n\n\n\n<p>Para esto, Cecha analiza las oportunidades con varias empresas desarrolladoras, entre las cuales se menciona a una subsidiaria de&nbsp;<strong>PowerChina, la empresa que tiene a su cargo la construcci\u00f3n y ampliaci\u00f3n Parque Solar Cauchari, en Jujuy<\/strong>, el m\u00e1s grande de Latinoam\u00e9rica.<\/p>\n\n\n\n<p>Para una segunda etapa, los directivos y t\u00e9cnicos de Cecha analizan la incursi\u00f3n en el\u00a0<strong>Mercado a T\u00e9rmino de Energ\u00edas Renovables (Mater)<\/strong>\u00a0en donde se canalizan libremente los contratos entre privados, y cuya magnitud permitir\u00eda responder de manera sustentable a la demanda incremental que tendr\u00e1 la electromovilidad, al punto de provocar un cambio de matriz energ\u00e9tica en el mediano y largo plazo.<\/p>\n\n\n\n<p><strong>Fuente: www.diariouno.com.ar<\/strong><\/p>\n","protected":false},"excerpt":{"rendered":"<p>Una veintena de estaciones de servicio decidieron avanzar con la construcci\u00f3n de dos\u00a0parques solares en la provincia\u00a0de Mendoza, lo que les permitir\u00e1 inyectar a la red la energ\u00eda generada a un costo muy inferior del que actualmente reciben por el sistema, m\u00e1s a\u00fan despu\u00e9s de la reciente quita de subsidios. La iniciativa busca convertirse en [&hellip;]<\/p>\n","protected":false},"author":2,"featured_media":6688,"comment_status":"open","ping_status":"open","sticky":false,"template":"","format":"standard","meta":[],"categories":[75],"tags":[],"_links":{"self":[{"href":"https:\/\/pasaenmendoza.com\/index.php?rest_route=\/wp\/v2\/posts\/6687"}],"collection":[{"href":"https:\/\/pasaenmendoza.com\/index.php?rest_route=\/wp\/v2\/posts"}],"about":[{"href":"https:\/\/pasaenmendoza.com\/index.php?rest_route=\/wp\/v2\/types\/post"}],"author":[{"embeddable":true,"href":"https:\/\/pasaenmendoza.com\/index.php?rest_route=\/wp\/v2\/users\/2"}],"replies":[{"embeddable":true,"href":"https:\/\/pasaenmendoza.com\/index.php?rest_route=%2Fwp%2Fv2%2Fcomments&post=6687"}],"version-history":[{"count":1,"href":"https:\/\/pasaenmendoza.com\/index.php?rest_route=\/wp\/v2\/posts\/6687\/revisions"}],"predecessor-version":[{"id":6689,"href":"https:\/\/pasaenmendoza.com\/index.php?rest_route=\/wp\/v2\/posts\/6687\/revisions\/6689"}],"wp:featuredmedia":[{"embeddable":true,"href":"https:\/\/pasaenmendoza.com\/index.php?rest_route=\/wp\/v2\/media\/6688"}],"wp:attachment":[{"href":"https:\/\/pasaenmendoza.com\/index.php?rest_route=%2Fwp%2Fv2%2Fmedia&parent=6687"}],"wp:term":[{"taxonomy":"category","embeddable":true,"href":"https:\/\/pasaenmendoza.com\/index.php?rest_route=%2Fwp%2Fv2%2Fcategories&post=6687"},{"taxonomy":"post_tag","embeddable":true,"href":"https:\/\/pasaenmendoza.com\/index.php?rest_route=%2Fwp%2Fv2%2Ftags&post=6687"}],"curies":[{"name":"wp","href":"https:\/\/api.w.org\/{rel}","templated":true}]}}